{"id":23891,"date":"2021-12-23T19:01:01","date_gmt":"2021-12-23T19:01:01","guid":{"rendered":"https:\/\/blogdorogeriogomes.com.br\/?p=23891"},"modified":"2021-12-24T10:11:28","modified_gmt":"2021-12-24T10:11:28","slug":"sesa-confirma-tres-casos-da-variante-omicron-no-ceara-pacientes-estao-sob-observacao","status":"publish","type":"post","link":"https:\/\/blogdorogeriogomes.com.br\/noticias\/2021\/12\/sesa-confirma-tres-casos-da-variante-omicron-no-ceara-pacientes-estao-sob-observacao\/","title":{"rendered":"Sesa confirma tr\u00eas casos da variante \u00d4micron no Cear\u00e1. Pacientes est\u00e3o sob observa\u00e7\u00e3o"},"content":{"rendered":"\n<p>Tr\u00eas passageiros vindos da It\u00e1lia, da Tail\u00e2ndia e outro de S\u00e3o Paulo foram identificados com a variante \u00d4micron e est\u00e3o sob observa\u00e7\u00e3o da Secretaria de Sa\u00fade do Cear\u00e1 (Sesa). Eles desembarcaram em Fortaleza, realizaram os testes de Covid-19 e foram diagnosticados com a nova variante do coronav\u00edrus, que \u00e9 considerada mais contagiosa. Segundo a Sesa, os tr\u00eas est\u00e3o sendo monitorados.<\/p>\n\n\n\n<p>A informa\u00e7\u00e3o foi confirmada pelo governador Camilo Santana durante o an\u00fancio de novas medidas de enfrentamento \u00e0 Covid-19. No novo decreto anunciado na tarde desta quinta-feira, dia 23 de dezembro, Camilo confirmou que o novo decreto vai exigir que os estabelecimentos do ramo de hotelaria, as academias de gin\u00e1stica, muscula\u00e7\u00e3o e afins v\u00e3o exigir a apresenta\u00e7\u00e3o do passaporte de vacina\u00e7\u00e3o a partir do dia 3 de janeiro de 2022.<\/p>\n\n\n\n<p>O governador alertou ainda para os cuidados a serem tomados nas festas de Natal e do Ano Novo. Est\u00e3o autorizados eventos sociais com at\u00e9 5 mil pessoas em ambientes abertos e 2.500 pessoas em ambientes fechados, seguindo todos os protocolos sanit\u00e1rios.<\/p>\n\n\n\n<figure class=\"wp-block-image size-large\"><img loading=\"lazy\" decoding=\"async\" width=\"600\" height=\"400\" src=\"https:\/\/blogdorogeriogomes.com.br\/wp-content\/uploads\/2021\/12\/images-27.jpeg\" alt=\"\" class=\"wp-image-23892\" srcset=\"https:\/\/blogdorogeriogomes.com.br\/noticias\/wp-content\/uploads\/2021\/12\/images-27.jpeg 600w, https:\/\/blogdorogeriogomes.com.br\/noticias\/wp-content\/uploads\/2021\/12\/images-27-300x200.jpeg 300w\" sizes=\"auto, (max-width: 600px) 100vw, 600px\" \/><\/figure>\n","protected":false},"excerpt":{"rendered":"<p>Tr\u00eas passageiros vindos da It\u00e1lia, da Tail\u00e2ndia e outro de S\u00e3o Paulo foram identificados com a variante \u00d4micron e est\u00e3o sob observa\u00e7\u00e3o da Secretaria de Sa\u00fade do Cear\u00e1 (Sesa). Eles desembarcaram em Fortaleza, realizaram os testes de Covid-19 e foram diagnosticados com a nova variante do coronav\u00edrus, que \u00e9 considerada mais contagiosa. Segundo a Sesa, os tr\u00eas est\u00e3o sendo monitorados. A informa\u00e7\u00e3o foi confirmada pelo governador Camilo Santana durante o an\u00fancio de novas medidas de enfrentamento \u00e0 Covid-19. No&hellip;<\/p>\n","protected":false},"author":1,"featured_media":23892,"comment_status":"open","ping_status":"open","sticky":false,"template":"","format":"standard","meta":{"footnotes":""},"categories":[1],"tags":[],"class_list":["post-23891","post","type-post","status-publish","format-standard","has-post-thumbnail","hentry","category-noticias"],"_links":{"self":[{"href":"https:\/\/blogdorogeriogomes.com.br\/noticias\/wp-json\/wp\/v2\/posts\/23891","targetHints":{"allow":["GET"]}}],"collection":[{"href":"https:\/\/blogdorogeriogomes.com.br\/noticias\/wp-json\/wp\/v2\/posts"}],"about":[{"href":"https:\/\/blogdorogeriogomes.com.br\/noticias\/wp-json\/wp\/v2\/types\/post"}],"author":[{"embeddable":true,"href":"https:\/\/blogdorogeriogomes.com.br\/noticias\/wp-json\/wp\/v2\/users\/1"}],"replies":[{"embeddable":true,"href":"https:\/\/blogdorogeriogomes.com.br\/noticias\/wp-json\/wp\/v2\/comments?post=23891"}],"version-history":[{"count":1,"href":"https:\/\/blogdorogeriogomes.com.br\/noticias\/wp-json\/wp\/v2\/posts\/23891\/revisions"}],"predecessor-version":[{"id":23893,"href":"https:\/\/blogdorogeriogomes.com.br\/noticias\/wp-json\/wp\/v2\/posts\/23891\/revisions\/23893"}],"wp:featuredmedia":[{"embeddable":true,"href":"https:\/\/blogdorogeriogomes.com.br\/noticias\/wp-json\/wp\/v2\/media\/23892"}],"wp:attachment":[{"href":"https:\/\/blogdorogeriogomes.com.br\/noticias\/wp-json\/wp\/v2\/media?parent=23891"}],"wp:term":[{"taxonomy":"category","embeddable":true,"href":"https:\/\/blogdorogeriogomes.com.br\/noticias\/wp-json\/wp\/v2\/categories?post=23891"},{"taxonomy":"post_tag","embeddable":true,"href":"https:\/\/blogdorogeriogomes.com.br\/noticias\/wp-json\/wp\/v2\/tags?post=23891"}],"curies":[{"name":"wp","href":"https:\/\/api.w.org\/{rel}","templated":true}]}}