{"id":23898,"date":"2021-12-24T14:00:47","date_gmt":"2021-12-24T14:00:47","guid":{"rendered":"https:\/\/blogdorogeriogomes.com.br\/?p=23898"},"modified":"2021-12-26T11:40:16","modified_gmt":"2021-12-26T11:40:16","slug":"evandro-leitao-apresenta-balanco-na-al-e-destaca-acoes-para-aproximar-o-legislativo-da-sociedade","status":"publish","type":"post","link":"https:\/\/blogdorogeriogomes.com.br\/noticias\/2021\/12\/evandro-leitao-apresenta-balanco-na-al-e-destaca-acoes-para-aproximar-o-legislativo-da-sociedade\/","title":{"rendered":"Evandro Leit\u00e3o apresenta balan\u00e7o na AL e destaca a\u00e7\u00f5es para aproximar o Legislativo da sociedade"},"content":{"rendered":"\n<p>O presidente da Assembleia Legislativa do Estado Cear\u00e1, deputado Evandro Leit\u00e3o (PDT), apresentou no primeiro expediente da sess\u00e3o plen\u00e1ria desta quinta-feira, dia 23 de dezembro, o balan\u00e7o das a\u00e7\u00f5es desenvolvidas pela Casa em 2021, al\u00e9m de projetos para 2022, em especial aqueles que aproximam a popula\u00e7\u00e3o do Parlamento Estadual.<\/p>\n\n\n\n<p>\u201cTenham certeza de que esse foi um ano desafiante, mas de supera\u00e7\u00e3o e estamos cada vez mais pr\u00f3ximos de nosso objetivo maior que \u00e9 estar sempre com a popula\u00e7\u00e3o. O parlamentar lembrou do projeto da Mesa Diretora que vai possibilitar a realiza\u00e7\u00e3o de mais sess\u00f5es itinerantes, que levam servi\u00e7os da AL e de parceiros para os cidad\u00e3os, al\u00e9m de festival cultural. \u201cEstamos querendo realizar uma j\u00e1 no final de fevereiro, em mar\u00e7o outra\u201d, adiantou. A estimativa \u00e9 de quatro itinerantes at\u00e9 junho.<\/p>\n\n\n\n<p>Ele anunciou um projeto de descentraliza\u00e7\u00e3o da Assembleia Legislativa. A ideia \u00e9 implantar os servi\u00e7os da Casa nas 14 macrorregi\u00f5es do Estado, iniciando pelo Cariri e Regi\u00e3o Norte. &#8220;Quando n\u00f3s implantamos estrutura f\u00edsica nos munic\u00edpios, al\u00e9m do sentimento de pertencimento, a popula\u00e7\u00e3o estar\u00e1 sentindo que o Poder Legislativo est\u00e1 efetivamente pr\u00f3ximo.&#8221;<\/p>\n\n\n\n<p>O presidente ressaltou que outros projetos foram desenvolvidos para aproximar os cidad\u00e3os da Assembleia Legislativa, a exemplo do programa Grandes Debates \u2013 Parlamento Protagonista e do Move Cear\u00e1, que ouve as demandas do setor produtivo para acelerar a retomada do crescimento econ\u00f4mico no Estado no momento p\u00f3s-pandemia.<\/p>\n\n\n\n<p>Evandro Leit\u00e3o relembrou do \u201cPacto Contra o Coronav\u00edrus\u201d, da aquisi\u00e7\u00e3o e doa\u00e7\u00e3o de 30 mil cestas b\u00e1sicas para as fam\u00edlias em situa\u00e7\u00e3o vulner\u00e1vel de 60 munic\u00edpios de menor \u00cdndice de Desenvolvimento Humano e da ades\u00e3o \u00e0 plataforma \u201cUm Milh\u00e3o de Oportunidades\u201d, tornando a Assembleia a primeira do Brasil a fazer parte da iniciativa com o Unicef, sociedade civil e institui\u00e7\u00f5es privadas. Ele destacou tamb\u00e9m a inaugura\u00e7\u00e3o do complexo de servi\u00e7os para a popula\u00e7\u00e3o e servidores, o Anexo 3, e a futura inaugura\u00e7\u00e3o do Anexo 4, onde funcionar\u00e1 a Procuradoria Especial da Mulher.<\/p>\n\n\n\n<p>O presidente citou a aprova\u00e7\u00e3o de medidas para amenizar os impactos da Covid-19 para a popula\u00e7\u00e3o mais vulner\u00e1vel, destacando a produ\u00e7\u00e3o legislativa: \u201cForam 214 sess\u00f5es plen\u00e1rias, 6.862 proposi\u00e7\u00f5es aprovadas, 5.866 requerimentos parlamentares, 313 atividades nas comiss\u00f5es t\u00e9cnicas, 1.176 consultorias t\u00e9cnicas legislativas\u201d, assinalou. Entre outras iniciativas, apontou a constru\u00e7\u00e3o do modelo de Gest\u00e3o Estrat\u00e9gica 2021\/2030 e a plataforma Assembleia Mais Transparente.<\/p>\n\n\n\n<figure class=\"wp-block-image size-large\"><img loading=\"lazy\" decoding=\"async\" width=\"1024\" height=\"681\" src=\"https:\/\/blogdorogeriogomes.com.br\/wp-content\/uploads\/2021\/12\/IMG-20211223-WA0197-1024x681.jpg\" alt=\"\" class=\"wp-image-23899\" srcset=\"https:\/\/blogdorogeriogomes.com.br\/noticias\/wp-content\/uploads\/2021\/12\/IMG-20211223-WA0197-1024x681.jpg 1024w, https:\/\/blogdorogeriogomes.com.br\/noticias\/wp-content\/uploads\/2021\/12\/IMG-20211223-WA0197-300x200.jpg 300w, https:\/\/blogdorogeriogomes.com.br\/noticias\/wp-content\/uploads\/2021\/12\/IMG-20211223-WA0197-768x511.jpg 768w, https:\/\/blogdorogeriogomes.com.br\/noticias\/wp-content\/uploads\/2021\/12\/IMG-20211223-WA0197-1536x1021.jpg 1536w, https:\/\/blogdorogeriogomes.com.br\/noticias\/wp-content\/uploads\/2021\/12\/IMG-20211223-WA0197-800x532.jpg 800w, https:\/\/blogdorogeriogomes.com.br\/noticias\/wp-content\/uploads\/2021\/12\/IMG-20211223-WA0197.jpg 1600w\" sizes=\"auto, (max-width: 1024px) 100vw, 1024px\" \/><\/figure>\n\n\n\n<p><\/p>\n","protected":false},"excerpt":{"rendered":"<p>O presidente da Assembleia Legislativa do Estado Cear\u00e1, deputado Evandro Leit\u00e3o (PDT), apresentou no primeiro expediente da sess\u00e3o plen\u00e1ria desta quinta-feira, dia 23 de dezembro, o balan\u00e7o das a\u00e7\u00f5es desenvolvidas pela Casa em 2021, al\u00e9m de projetos para 2022, em especial aqueles que aproximam a popula\u00e7\u00e3o do Parlamento Estadual. \u201cTenham certeza de que esse foi um ano desafiante, mas de supera\u00e7\u00e3o e estamos cada vez mais pr\u00f3ximos de nosso objetivo maior que \u00e9 estar sempre com a popula\u00e7\u00e3o. O&hellip;<\/p>\n","protected":false},"author":1,"featured_media":23899,"comment_status":"open","ping_status":"open","sticky":false,"template":"","format":"standard","meta":{"footnotes":""},"categories":[1],"tags":[],"class_list":["post-23898","post","type-post","status-publish","format-standard","has-post-thumbnail","hentry","category-noticias"],"_links":{"self":[{"href":"https:\/\/blogdorogeriogomes.com.br\/noticias\/wp-json\/wp\/v2\/posts\/23898","targetHints":{"allow":["GET"]}}],"collection":[{"href":"https:\/\/blogdorogeriogomes.com.br\/noticias\/wp-json\/wp\/v2\/posts"}],"about":[{"href":"https:\/\/blogdorogeriogomes.com.br\/noticias\/wp-json\/wp\/v2\/types\/post"}],"author":[{"embeddable":true,"href":"https:\/\/blogdorogeriogomes.com.br\/noticias\/wp-json\/wp\/v2\/users\/1"}],"replies":[{"embeddable":true,"href":"https:\/\/blogdorogeriogomes.com.br\/noticias\/wp-json\/wp\/v2\/comments?post=23898"}],"version-history":[{"count":1,"href":"https:\/\/blogdorogeriogomes.com.br\/noticias\/wp-json\/wp\/v2\/posts\/23898\/revisions"}],"predecessor-version":[{"id":23900,"href":"https:\/\/blogdorogeriogomes.com.br\/noticias\/wp-json\/wp\/v2\/posts\/23898\/revisions\/23900"}],"wp:featuredmedia":[{"embeddable":true,"href":"https:\/\/blogdorogeriogomes.com.br\/noticias\/wp-json\/wp\/v2\/media\/23899"}],"wp:attachment":[{"href":"https:\/\/blogdorogeriogomes.com.br\/noticias\/wp-json\/wp\/v2\/media?parent=23898"}],"wp:term":[{"taxonomy":"category","embeddable":true,"href":"https:\/\/blogdorogeriogomes.com.br\/noticias\/wp-json\/wp\/v2\/categories?post=23898"},{"taxonomy":"post_tag","embeddable":true,"href":"https:\/\/blogdorogeriogomes.com.br\/noticias\/wp-json\/wp\/v2\/tags?post=23898"}],"curies":[{"name":"wp","href":"https:\/\/api.w.org\/{rel}","templated":true}]}}