{"id":23901,"date":"2021-12-24T17:37:13","date_gmt":"2021-12-24T17:37:13","guid":{"rendered":"https:\/\/blogdorogeriogomes.com.br\/?p=23901"},"modified":"2021-12-26T11:39:39","modified_gmt":"2021-12-26T11:39:39","slug":"governadores-de-todo-o-pais-se-mobilizam-para-garantir-vacina-para-criancas-camilo-santana-confirma-imunizacao-no-ceara","status":"publish","type":"post","link":"https:\/\/blogdorogeriogomes.com.br\/noticias\/2021\/12\/governadores-de-todo-o-pais-se-mobilizam-para-garantir-vacina-para-criancas-camilo-santana-confirma-imunizacao-no-ceara\/","title":{"rendered":"Governadores de todo o Pa\u00eds se mobilizam para garantir vacina para crian\u00e7as. Camilo Santana confirma imuniza\u00e7\u00e3o no Cear\u00e1"},"content":{"rendered":"\n<p>Governadores de todo o Pa\u00eds est\u00e3o mobilizados para garantir a vacina\u00e7\u00e3o de crian\u00e7as entre 5 e 11 anos contra a Covid-19, independentemente do Minist\u00e9rio da Sa\u00fade. O ministro Marcelo Queiroga tenta postergar a imuniza\u00e7\u00e3o para n\u00e3o contrariar o presidente Jair Bolsonaro. Secret\u00e1rios de sa\u00fade dos estados j\u00e1 disseram que n\u00e3o v\u00e3o exigir prescri\u00e7\u00e3o m\u00e9dica para dar a vacina \u00e0s crian\u00e7as, como quer o ministro Marcelo Queiroga.<\/p>\n\n\n\n<p>O governador do Cear\u00e1, Camilo Santana, disse: &#8220;nosso estado ir\u00e1 vacinar nossas crian\u00e7as de 5 a 11 anos contra a Covid, assim como v\u00eam fazendo v\u00e1rios pa\u00edses. Seguiremos sempre a Ci\u00eancia, respeitando o trabalho s\u00e9rio da Anvisa e a posi\u00e7\u00e3o respons\u00e1vel do Conass (Conselho Nacional de Secret\u00e1rios de Sa\u00fade). Jamais seguiremos os negacionistas, independente do cargo que ocupam. Esses est\u00e3o mais preocupados em promover disputas ideol\u00f3gicas e pol\u00edticas que salvar vidas&#8221;.<\/p>\n\n\n\n<figure class=\"wp-block-image size-large\"><img loading=\"lazy\" decoding=\"async\" width=\"678\" height=\"452\" src=\"https:\/\/blogdorogeriogomes.com.br\/wp-content\/uploads\/2021\/12\/images-11.jpeg\" alt=\"\" class=\"wp-image-23902\" srcset=\"https:\/\/blogdorogeriogomes.com.br\/noticias\/wp-content\/uploads\/2021\/12\/images-11.jpeg 678w, https:\/\/blogdorogeriogomes.com.br\/noticias\/wp-content\/uploads\/2021\/12\/images-11-300x200.jpeg 300w\" sizes=\"auto, (max-width: 678px) 100vw, 678px\" \/><\/figure>\n","protected":false},"excerpt":{"rendered":"<p>Governadores de todo o Pa\u00eds est\u00e3o mobilizados para garantir a vacina\u00e7\u00e3o de crian\u00e7as entre 5 e 11 anos contra a Covid-19, independentemente do Minist\u00e9rio da Sa\u00fade. O ministro Marcelo Queiroga tenta postergar a imuniza\u00e7\u00e3o para n\u00e3o contrariar o presidente Jair Bolsonaro. Secret\u00e1rios de sa\u00fade dos estados j\u00e1 disseram que n\u00e3o v\u00e3o exigir prescri\u00e7\u00e3o m\u00e9dica para dar a vacina \u00e0s crian\u00e7as, como quer o ministro Marcelo Queiroga. O governador do Cear\u00e1, Camilo Santana, disse: &#8220;nosso estado ir\u00e1 vacinar nossas crian\u00e7as&hellip;<\/p>\n","protected":false},"author":1,"featured_media":23902,"comment_status":"open","ping_status":"open","sticky":false,"template":"","format":"standard","meta":{"footnotes":""},"categories":[1],"tags":[],"class_list":["post-23901","post","type-post","status-publish","format-standard","has-post-thumbnail","hentry","category-noticias"],"_links":{"self":[{"href":"https:\/\/blogdorogeriogomes.com.br\/noticias\/wp-json\/wp\/v2\/posts\/23901","targetHints":{"allow":["GET"]}}],"collection":[{"href":"https:\/\/blogdorogeriogomes.com.br\/noticias\/wp-json\/wp\/v2\/posts"}],"about":[{"href":"https:\/\/blogdorogeriogomes.com.br\/noticias\/wp-json\/wp\/v2\/types\/post"}],"author":[{"embeddable":true,"href":"https:\/\/blogdorogeriogomes.com.br\/noticias\/wp-json\/wp\/v2\/users\/1"}],"replies":[{"embeddable":true,"href":"https:\/\/blogdorogeriogomes.com.br\/noticias\/wp-json\/wp\/v2\/comments?post=23901"}],"version-history":[{"count":1,"href":"https:\/\/blogdorogeriogomes.com.br\/noticias\/wp-json\/wp\/v2\/posts\/23901\/revisions"}],"predecessor-version":[{"id":23903,"href":"https:\/\/blogdorogeriogomes.com.br\/noticias\/wp-json\/wp\/v2\/posts\/23901\/revisions\/23903"}],"wp:featuredmedia":[{"embeddable":true,"href":"https:\/\/blogdorogeriogomes.com.br\/noticias\/wp-json\/wp\/v2\/media\/23902"}],"wp:attachment":[{"href":"https:\/\/blogdorogeriogomes.com.br\/noticias\/wp-json\/wp\/v2\/media?parent=23901"}],"wp:term":[{"taxonomy":"category","embeddable":true,"href":"https:\/\/blogdorogeriogomes.com.br\/noticias\/wp-json\/wp\/v2\/categories?post=23901"},{"taxonomy":"post_tag","embeddable":true,"href":"https:\/\/blogdorogeriogomes.com.br\/noticias\/wp-json\/wp\/v2\/tags?post=23901"}],"curies":[{"name":"wp","href":"https:\/\/api.w.org\/{rel}","templated":true}]}}