{"id":23913,"date":"2021-12-27T22:01:34","date_gmt":"2021-12-27T22:01:34","guid":{"rendered":"https:\/\/blogdorogeriogomes.com.br\/?p=23913"},"modified":"2021-12-28T11:06:53","modified_gmt":"2021-12-28T11:06:53","slug":"enchentes-causam-20-mortes-na-bahia-enquanto-isso-bolsonaro-curte-ferias-no-litoral-de-santa-catarina","status":"publish","type":"post","link":"https:\/\/blogdorogeriogomes.com.br\/noticias\/2021\/12\/enchentes-causam-20-mortes-na-bahia-enquanto-isso-bolsonaro-curte-ferias-no-litoral-de-santa-catarina\/","title":{"rendered":"Enchentes causam 20 mortes na Bahia. Enquanto isso, Bolsonaro curte f\u00e9rias no litoral de Santa Catarina"},"content":{"rendered":"\n<p>O Sul da Bahia sofre com uma sequ\u00eancia de temporais que j\u00e1 afeta 430 mil pessoas e j\u00e1 deixou, at\u00e9 o momento, 20 mortos. Rodovias foram interditadas e h\u00e1 localidades sem energia el\u00e9trica.&nbsp;Enquanto isso, o presidente Jair Bolsonaro curte f\u00e9rias no litoral de Santa Catarina onde deve permanecer at\u00e9 a virada do ano.<\/p>\n\n\n\n<p>A Bahia j\u00e1 contabiliza 31.405 desabrigados e 31.391 desalojados. O total de munic\u00edpios afetados chega a 116, sendo que 100 deles j\u00e1 decretaram situa\u00e7\u00e3o de emerg\u00eancia. Foram registrados ainda 358 feridos.<\/p>\n\n\n\n<p>V\u00e1rios governadores de outros estados se mobilizam para ajudar os baianos. Em Fortaleza, na Arena Castel\u00e3o, o Governo do Cear\u00e1 montou um centro de arrecada\u00e7\u00e3o de alimentos que ser\u00e3o enviados para os munic\u00edpios baianos atingidos pelos temporais.<\/p>\n\n\n\n<p>Em conversa com os jornalistas nesta segunda-feira, dia 27 de dezembro, Bolsonaro n\u00e3o quis comentar a situa\u00e7\u00e3o de cais na Bahia. Preferiu novamente falar contra a vacina\u00e7\u00e3o de crian\u00e7as contra Covid-19, afirmando que&nbsp;n\u00e3o permitir\u00e1 a imuniza\u00e7\u00e3o de sua filha mais nova, Laura, de 11 anos.<\/p>\n\n\n\n<figure class=\"wp-block-image size-large\"><img loading=\"lazy\" decoding=\"async\" width=\"1024\" height=\"576\" src=\"https:\/\/blogdorogeriogomes.com.br\/wp-content\/uploads\/2021\/12\/ufpb-ajuda-bahia-1024x576.jpeg\" alt=\"\" class=\"wp-image-23914\" srcset=\"https:\/\/blogdorogeriogomes.com.br\/noticias\/wp-content\/uploads\/2021\/12\/ufpb-ajuda-bahia-1024x576.jpeg 1024w, https:\/\/blogdorogeriogomes.com.br\/noticias\/wp-content\/uploads\/2021\/12\/ufpb-ajuda-bahia-300x169.jpeg 300w, https:\/\/blogdorogeriogomes.com.br\/noticias\/wp-content\/uploads\/2021\/12\/ufpb-ajuda-bahia-768x432.jpeg 768w, https:\/\/blogdorogeriogomes.com.br\/noticias\/wp-content\/uploads\/2021\/12\/ufpb-ajuda-bahia-800x450.jpeg 800w, https:\/\/blogdorogeriogomes.com.br\/noticias\/wp-content\/uploads\/2021\/12\/ufpb-ajuda-bahia.jpeg 1080w\" sizes=\"auto, (max-width: 1024px) 100vw, 1024px\" \/><\/figure>\n","protected":false},"excerpt":{"rendered":"<p>O Sul da Bahia sofre com uma sequ\u00eancia de temporais que j\u00e1 afeta 430 mil pessoas e j\u00e1 deixou, at\u00e9 o momento, 20 mortos. Rodovias foram interditadas e h\u00e1 localidades sem energia el\u00e9trica.&nbsp;Enquanto isso, o presidente Jair Bolsonaro curte f\u00e9rias no litoral de Santa Catarina onde deve permanecer at\u00e9 a virada do ano. A Bahia j\u00e1 contabiliza 31.405 desabrigados e 31.391 desalojados. O total de munic\u00edpios afetados chega a 116, sendo que 100 deles j\u00e1 decretaram situa\u00e7\u00e3o de emerg\u00eancia.&hellip;<\/p>\n","protected":false},"author":1,"featured_media":23914,"comment_status":"open","ping_status":"open","sticky":false,"template":"","format":"standard","meta":{"footnotes":""},"categories":[1],"tags":[],"class_list":["post-23913","post","type-post","status-publish","format-standard","has-post-thumbnail","hentry","category-noticias"],"_links":{"self":[{"href":"https:\/\/blogdorogeriogomes.com.br\/noticias\/wp-json\/wp\/v2\/posts\/23913","targetHints":{"allow":["GET"]}}],"collection":[{"href":"https:\/\/blogdorogeriogomes.com.br\/noticias\/wp-json\/wp\/v2\/posts"}],"about":[{"href":"https:\/\/blogdorogeriogomes.com.br\/noticias\/wp-json\/wp\/v2\/types\/post"}],"author":[{"embeddable":true,"href":"https:\/\/blogdorogeriogomes.com.br\/noticias\/wp-json\/wp\/v2\/users\/1"}],"replies":[{"embeddable":true,"href":"https:\/\/blogdorogeriogomes.com.br\/noticias\/wp-json\/wp\/v2\/comments?post=23913"}],"version-history":[{"count":2,"href":"https:\/\/blogdorogeriogomes.com.br\/noticias\/wp-json\/wp\/v2\/posts\/23913\/revisions"}],"predecessor-version":[{"id":23926,"href":"https:\/\/blogdorogeriogomes.com.br\/noticias\/wp-json\/wp\/v2\/posts\/23913\/revisions\/23926"}],"wp:featuredmedia":[{"embeddable":true,"href":"https:\/\/blogdorogeriogomes.com.br\/noticias\/wp-json\/wp\/v2\/media\/23914"}],"wp:attachment":[{"href":"https:\/\/blogdorogeriogomes.com.br\/noticias\/wp-json\/wp\/v2\/media?parent=23913"}],"wp:term":[{"taxonomy":"category","embeddable":true,"href":"https:\/\/blogdorogeriogomes.com.br\/noticias\/wp-json\/wp\/v2\/categories?post=23913"},{"taxonomy":"post_tag","embeddable":true,"href":"https:\/\/blogdorogeriogomes.com.br\/noticias\/wp-json\/wp\/v2\/tags?post=23913"}],"curies":[{"name":"wp","href":"https:\/\/api.w.org\/{rel}","templated":true}]}}