{"id":23919,"date":"2021-12-28T09:21:34","date_gmt":"2021-12-28T09:21:34","guid":{"rendered":"https:\/\/blogdorogeriogomes.com.br\/?p=23919"},"modified":"2021-12-28T11:06:25","modified_gmt":"2021-12-28T11:06:25","slug":"secretaria-de-educacao-divulga-cronograma-de-matricula-para-as-escolas-da-rede-publica-estadual","status":"publish","type":"post","link":"https:\/\/blogdorogeriogomes.com.br\/noticias\/2021\/12\/secretaria-de-educacao-divulga-cronograma-de-matricula-para-as-escolas-da-rede-publica-estadual\/","title":{"rendered":"Secretaria de Educa\u00e7\u00e3o divulga cronograma de matr\u00edcula para as escolas da rede p\u00fablica estadual"},"content":{"rendered":"\n<p>O per\u00edodo de matr\u00edcula para alunos novatos nas escolas da rede p\u00fablica estadual do Cear\u00e1 come\u00e7a no pr\u00f3ximo dia 12 de janeiro, em todos os munic\u00edpios cearenses \u00e0 exce\u00e7\u00e3o de Fortaleza, onde o processo ter\u00e1 in\u00edcio no dia 17 do mesmo m\u00eas.<\/p>\n\n\n\n<p>Esta etapa \u00e9 dedicada aos estudantes vindos da rede particular ou que tenham vindo de outros estados, ou ainda, que tenham abandonado a escola e desejam retomar os estudos.<\/p>\n\n\n\n<p>Na rede p\u00fablica estadual de ensino, o per\u00edodo de matr\u00edcula come\u00e7a com a confirma\u00e7\u00e3o dos alunos veteranos por parte de pais e respons\u00e1veis ou do pr\u00f3prio estudante sobre a sua perman\u00eancia na escola.<\/p>\n\n\n\n<p>No segundo momento, acontece o remanejamento interno (direcionado aos alunos da rede estadual) e externo (para alunos da rede municipal que ser\u00e3o recebidos nas escolas estaduais). Estas duas etapas acontecem por meio da parceria entre a Seduc e as Secretarias Municipais de Educa\u00e7\u00e3o.<\/p>\n\n\n\n<p>A terceira etapa \u00e9 destinada a alunos novatos, oriundos da rede particular, de outros estados e estudantes que pretendem voltar a estudar.<\/p>\n\n\n\n<figure class=\"wp-block-image size-large\"><img loading=\"lazy\" decoding=\"async\" width=\"678\" height=\"452\" src=\"https:\/\/blogdorogeriogomes.com.br\/wp-content\/uploads\/2021\/12\/images-4-1.jpeg\" alt=\"\" class=\"wp-image-23920\" srcset=\"https:\/\/blogdorogeriogomes.com.br\/noticias\/wp-content\/uploads\/2021\/12\/images-4-1.jpeg 678w, https:\/\/blogdorogeriogomes.com.br\/noticias\/wp-content\/uploads\/2021\/12\/images-4-1-300x200.jpeg 300w\" sizes=\"auto, (max-width: 678px) 100vw, 678px\" \/><\/figure>\n","protected":false},"excerpt":{"rendered":"<p>O per\u00edodo de matr\u00edcula para alunos novatos nas escolas da rede p\u00fablica estadual do Cear\u00e1 come\u00e7a no pr\u00f3ximo dia 12 de janeiro, em todos os munic\u00edpios cearenses \u00e0 exce\u00e7\u00e3o de Fortaleza, onde o processo ter\u00e1 in\u00edcio no dia 17 do mesmo m\u00eas. Esta etapa \u00e9 dedicada aos estudantes vindos da rede particular ou que tenham vindo de outros estados, ou ainda, que tenham abandonado a escola e desejam retomar os estudos. Na rede p\u00fablica estadual de ensino, o per\u00edodo&hellip;<\/p>\n","protected":false},"author":1,"featured_media":23920,"comment_status":"open","ping_status":"open","sticky":false,"template":"","format":"standard","meta":{"footnotes":""},"categories":[1],"tags":[],"class_list":["post-23919","post","type-post","status-publish","format-standard","has-post-thumbnail","hentry","category-noticias"],"_links":{"self":[{"href":"https:\/\/blogdorogeriogomes.com.br\/noticias\/wp-json\/wp\/v2\/posts\/23919","targetHints":{"allow":["GET"]}}],"collection":[{"href":"https:\/\/blogdorogeriogomes.com.br\/noticias\/wp-json\/wp\/v2\/posts"}],"about":[{"href":"https:\/\/blogdorogeriogomes.com.br\/noticias\/wp-json\/wp\/v2\/types\/post"}],"author":[{"embeddable":true,"href":"https:\/\/blogdorogeriogomes.com.br\/noticias\/wp-json\/wp\/v2\/users\/1"}],"replies":[{"embeddable":true,"href":"https:\/\/blogdorogeriogomes.com.br\/noticias\/wp-json\/wp\/v2\/comments?post=23919"}],"version-history":[{"count":1,"href":"https:\/\/blogdorogeriogomes.com.br\/noticias\/wp-json\/wp\/v2\/posts\/23919\/revisions"}],"predecessor-version":[{"id":23921,"href":"https:\/\/blogdorogeriogomes.com.br\/noticias\/wp-json\/wp\/v2\/posts\/23919\/revisions\/23921"}],"wp:featuredmedia":[{"embeddable":true,"href":"https:\/\/blogdorogeriogomes.com.br\/noticias\/wp-json\/wp\/v2\/media\/23920"}],"wp:attachment":[{"href":"https:\/\/blogdorogeriogomes.com.br\/noticias\/wp-json\/wp\/v2\/media?parent=23919"}],"wp:term":[{"taxonomy":"category","embeddable":true,"href":"https:\/\/blogdorogeriogomes.com.br\/noticias\/wp-json\/wp\/v2\/categories?post=23919"},{"taxonomy":"post_tag","embeddable":true,"href":"https:\/\/blogdorogeriogomes.com.br\/noticias\/wp-json\/wp\/v2\/tags?post=23919"}],"curies":[{"name":"wp","href":"https:\/\/api.w.org\/{rel}","templated":true}]}}