{"id":23927,"date":"2021-12-28T21:34:39","date_gmt":"2021-12-28T21:34:39","guid":{"rendered":"https:\/\/blogdorogeriogomes.com.br\/?p=23927"},"modified":"2021-12-30T09:57:23","modified_gmt":"2021-12-30T09:57:23","slug":"sarto-faz-balanco-dos-atendimentos-nas-upas-com-novos-casos-de-sindrome-gripal-movimento-cresceu-em-sete-vezes-do-normal","status":"publish","type":"post","link":"https:\/\/blogdorogeriogomes.com.br\/noticias\/2021\/12\/sarto-faz-balanco-dos-atendimentos-nas-upas-com-novos-casos-de-sindrome-gripal-movimento-cresceu-em-sete-vezes-do-normal\/","title":{"rendered":"Sarto faz balan\u00e7o dos atendimentos nas UPAs com novos casos de s\u00edndrome gripal. Movimento cresceu em sete vezes do normal"},"content":{"rendered":"\n<p>O prefeito de Fortaleza, Jos\u00e9 Sarto, fez um balan\u00e7o na tarde desta ter\u00e7a-feira, dia 28 de dezembro, dos atendimentos nas Unidades de Pronto Atendimento (UPAs) da Capital com o aparecimento de mais casos de s\u00edndrome gripal. A procura por atendimento nas Unidades B\u00e1sicas de Sa\u00fade (UBS) e Unidades de Pronto-Atendimento (UPAs) foi de 503 pacientes no \u00faltimo dia 2 de dezembro, enquanto nesta segunda-feira, dia 27, chegou a mais de 3.550 pacientes.&nbsp;<\/p>\n\n\n\n<p>Segundo Jos\u00e9 Sarto, a diferen\u00e7a entre a s\u00edndrome gripal e a Covid-19 \u00e9 que os sintomas da primeira s\u00e3o mais leves. H\u00e1 semelhan\u00e7a, por\u00e9m o tratamento \u00e9 mais r\u00e1pido. O prefeito de Fortaleza recomenda que as pessoas que apresentem qualquer sintoma de gripe procurem atendimento em uma unidade hospitalar e evitem contato com outras pessoas. O uso da m\u00e1scara continua sendo fundamental.<\/p>\n\n\n\n<p>Em rela\u00e7\u00e3o \u00e0 vacina\u00e7\u00e3o contra a Covid-19, 97,1% da popula\u00e7\u00e3o tomaram a primeira dose da vacina na Capital, mas apenas 86,9% receberam a segunda dose. Isso  significa que 198.188 pessoas ainda n\u00e3o est\u00e3o com a imuniza\u00e7\u00e3o completa. Nesse momento, v\u00e1rios estados j\u00e1 est\u00e3o disponibilizando \u00e9 a terceira dose de refor\u00e7o para quem completou quatro meses da segunda dose. <\/p>\n\n\n\n<figure class=\"wp-block-image size-large\"><img loading=\"lazy\" decoding=\"async\" width=\"984\" height=\"584\" src=\"https:\/\/blogdorogeriogomes.com.br\/wp-content\/uploads\/2021\/12\/photo5071378713626651091.jpg\" alt=\"\" class=\"wp-image-23928\" srcset=\"https:\/\/blogdorogeriogomes.com.br\/noticias\/wp-content\/uploads\/2021\/12\/photo5071378713626651091.jpg 984w, https:\/\/blogdorogeriogomes.com.br\/noticias\/wp-content\/uploads\/2021\/12\/photo5071378713626651091-300x178.jpg 300w, https:\/\/blogdorogeriogomes.com.br\/noticias\/wp-content\/uploads\/2021\/12\/photo5071378713626651091-768x456.jpg 768w, https:\/\/blogdorogeriogomes.com.br\/noticias\/wp-content\/uploads\/2021\/12\/photo5071378713626651091-800x475.jpg 800w\" sizes=\"auto, (max-width: 984px) 100vw, 984px\" \/><\/figure>\n","protected":false},"excerpt":{"rendered":"<p>O prefeito de Fortaleza, Jos\u00e9 Sarto, fez um balan\u00e7o na tarde desta ter\u00e7a-feira, dia 28 de dezembro, dos atendimentos nas Unidades de Pronto Atendimento (UPAs) da Capital com o aparecimento de mais casos de s\u00edndrome gripal. A procura por atendimento nas Unidades B\u00e1sicas de Sa\u00fade (UBS) e Unidades de Pronto-Atendimento (UPAs) foi de 503 pacientes no \u00faltimo dia 2 de dezembro, enquanto nesta segunda-feira, dia 27, chegou a mais de 3.550 pacientes.&nbsp; Segundo Jos\u00e9 Sarto, a diferen\u00e7a entre a&hellip;<\/p>\n","protected":false},"author":1,"featured_media":23928,"comment_status":"open","ping_status":"open","sticky":false,"template":"","format":"standard","meta":{"footnotes":""},"categories":[1],"tags":[],"class_list":["post-23927","post","type-post","status-publish","format-standard","has-post-thumbnail","hentry","category-noticias"],"_links":{"self":[{"href":"https:\/\/blogdorogeriogomes.com.br\/noticias\/wp-json\/wp\/v2\/posts\/23927","targetHints":{"allow":["GET"]}}],"collection":[{"href":"https:\/\/blogdorogeriogomes.com.br\/noticias\/wp-json\/wp\/v2\/posts"}],"about":[{"href":"https:\/\/blogdorogeriogomes.com.br\/noticias\/wp-json\/wp\/v2\/types\/post"}],"author":[{"embeddable":true,"href":"https:\/\/blogdorogeriogomes.com.br\/noticias\/wp-json\/wp\/v2\/users\/1"}],"replies":[{"embeddable":true,"href":"https:\/\/blogdorogeriogomes.com.br\/noticias\/wp-json\/wp\/v2\/comments?post=23927"}],"version-history":[{"count":2,"href":"https:\/\/blogdorogeriogomes.com.br\/noticias\/wp-json\/wp\/v2\/posts\/23927\/revisions"}],"predecessor-version":[{"id":23940,"href":"https:\/\/blogdorogeriogomes.com.br\/noticias\/wp-json\/wp\/v2\/posts\/23927\/revisions\/23940"}],"wp:featuredmedia":[{"embeddable":true,"href":"https:\/\/blogdorogeriogomes.com.br\/noticias\/wp-json\/wp\/v2\/media\/23928"}],"wp:attachment":[{"href":"https:\/\/blogdorogeriogomes.com.br\/noticias\/wp-json\/wp\/v2\/media?parent=23927"}],"wp:term":[{"taxonomy":"category","embeddable":true,"href":"https:\/\/blogdorogeriogomes.com.br\/noticias\/wp-json\/wp\/v2\/categories?post=23927"},{"taxonomy":"post_tag","embeddable":true,"href":"https:\/\/blogdorogeriogomes.com.br\/noticias\/wp-json\/wp\/v2\/tags?post=23927"}],"curies":[{"name":"wp","href":"https:\/\/api.w.org\/{rel}","templated":true}]}}