{"id":23930,"date":"2021-12-28T22:17:03","date_gmt":"2021-12-28T22:17:03","guid":{"rendered":"https:\/\/blogdorogeriogomes.com.br\/?p=23930"},"modified":"2021-12-30T09:57:05","modified_gmt":"2021-12-30T09:57:05","slug":"camilo-confirma-pagamento-de-abono-com-recursos-do-fundeb-a-servidores-da-educacao-ate-15-de-janeiro","status":"publish","type":"post","link":"https:\/\/blogdorogeriogomes.com.br\/noticias\/2021\/12\/camilo-confirma-pagamento-de-abono-com-recursos-do-fundeb-a-servidores-da-educacao-ate-15-de-janeiro\/","title":{"rendered":"Camilo confirma pagamento de abono com recursos do Fundeb a servidores da Educa\u00e7\u00e3o at\u00e9 15 de janeiro"},"content":{"rendered":"\n<p>Em sua \u00faltima live do ano de 2021 quando conversa com internautas, o governador do Cear\u00e1, Camilo Santana, confirmou o rateio do Fundo de Manuten\u00e7\u00e3o e Desenvolvimento da Educa\u00e7\u00e3o B\u00e1sica e de Valoriza\u00e7\u00e3o dos Profissionais da Educa\u00e7\u00e3o (Fundeb), que beneficiar\u00e1 os professores da rede estadual de ensino. O pagamento do abono deve ocorrer at\u00e9 15 de janeiro.<\/p>\n\n\n\n<p>Durante a conversa com os internautas, o governador Camilo Santana destacou que vai iniciar a entrega de novos computadores para todos os professores da rede p\u00fablica estadual.<\/p>\n\n\n\n<p>Camilo destacou ainda que, a partir de 1\u00b0 de janeiro, os servidores p\u00fablicos estaduais ter\u00e3o aumento de 10,74% nos vencimentos. Todas as categorias de servidores p\u00fablicos v\u00e3o ser beneficiadas.<\/p>\n\n\n\n<p>Sobre concursos p\u00fablicos para 2022, o governador cearense confirmou, al\u00e9m da nomea\u00e7\u00e3o dos aprovados no \u00faltimo concurso da Empresa de Assist\u00eancia T\u00e9cnica e Extens\u00e3o Rural do Cear\u00e1 (Ematerce), marcada para 3 de janeiro, que ser\u00e3o realizados mais certames para a Universidade Estadual do Cear\u00e1; Universidade Estadual Vale do Acara\u00fa; Universidade Regional do Cariri; Superintend\u00eancia Estadual do Meio Ambiente; Secretaria do Desenvolvimento Agr\u00e1rio; Secretaria de Prote\u00e7\u00e3o Social, Justi\u00e7a, Cidadania, Mulheres e Direitos Humanos; e Companhia Cearense de Transportes Metropolitanos.<\/p>\n\n\n\n<figure class=\"wp-block-image size-large\"><img loading=\"lazy\" decoding=\"async\" width=\"428\" height=\"320\" src=\"https:\/\/blogdorogeriogomes.com.br\/wp-content\/uploads\/2021\/12\/11-76.png\" alt=\"\" class=\"wp-image-23931\" srcset=\"https:\/\/blogdorogeriogomes.com.br\/noticias\/wp-content\/uploads\/2021\/12\/11-76.png 428w, https:\/\/blogdorogeriogomes.com.br\/noticias\/wp-content\/uploads\/2021\/12\/11-76-300x224.png 300w, https:\/\/blogdorogeriogomes.com.br\/noticias\/wp-content\/uploads\/2021\/12\/11-76-400x300.png 400w\" sizes=\"auto, (max-width: 428px) 100vw, 428px\" \/><\/figure>\n\n\n\n<p><\/p>\n","protected":false},"excerpt":{"rendered":"<p>Em sua \u00faltima live do ano de 2021 quando conversa com internautas, o governador do Cear\u00e1, Camilo Santana, confirmou o rateio do Fundo de Manuten\u00e7\u00e3o e Desenvolvimento da Educa\u00e7\u00e3o B\u00e1sica e de Valoriza\u00e7\u00e3o dos Profissionais da Educa\u00e7\u00e3o (Fundeb), que beneficiar\u00e1 os professores da rede estadual de ensino. O pagamento do abono deve ocorrer at\u00e9 15 de janeiro. Durante a conversa com os internautas, o governador Camilo Santana destacou que vai iniciar a entrega de novos computadores para todos os&hellip;<\/p>\n","protected":false},"author":1,"featured_media":23931,"comment_status":"open","ping_status":"open","sticky":false,"template":"","format":"standard","meta":{"footnotes":""},"categories":[1],"tags":[],"class_list":["post-23930","post","type-post","status-publish","format-standard","has-post-thumbnail","hentry","category-noticias"],"_links":{"self":[{"href":"https:\/\/blogdorogeriogomes.com.br\/noticias\/wp-json\/wp\/v2\/posts\/23930","targetHints":{"allow":["GET"]}}],"collection":[{"href":"https:\/\/blogdorogeriogomes.com.br\/noticias\/wp-json\/wp\/v2\/posts"}],"about":[{"href":"https:\/\/blogdorogeriogomes.com.br\/noticias\/wp-json\/wp\/v2\/types\/post"}],"author":[{"embeddable":true,"href":"https:\/\/blogdorogeriogomes.com.br\/noticias\/wp-json\/wp\/v2\/users\/1"}],"replies":[{"embeddable":true,"href":"https:\/\/blogdorogeriogomes.com.br\/noticias\/wp-json\/wp\/v2\/comments?post=23930"}],"version-history":[{"count":1,"href":"https:\/\/blogdorogeriogomes.com.br\/noticias\/wp-json\/wp\/v2\/posts\/23930\/revisions"}],"predecessor-version":[{"id":23932,"href":"https:\/\/blogdorogeriogomes.com.br\/noticias\/wp-json\/wp\/v2\/posts\/23930\/revisions\/23932"}],"wp:featuredmedia":[{"embeddable":true,"href":"https:\/\/blogdorogeriogomes.com.br\/noticias\/wp-json\/wp\/v2\/media\/23931"}],"wp:attachment":[{"href":"https:\/\/blogdorogeriogomes.com.br\/noticias\/wp-json\/wp\/v2\/media?parent=23930"}],"wp:term":[{"taxonomy":"category","embeddable":true,"href":"https:\/\/blogdorogeriogomes.com.br\/noticias\/wp-json\/wp\/v2\/categories?post=23930"},{"taxonomy":"post_tag","embeddable":true,"href":"https:\/\/blogdorogeriogomes.com.br\/noticias\/wp-json\/wp\/v2\/tags?post=23930"}],"curies":[{"name":"wp","href":"https:\/\/api.w.org\/{rel}","templated":true}]}}