{"id":23944,"date":"2021-12-30T11:53:06","date_gmt":"2021-12-30T11:53:06","guid":{"rendered":"https:\/\/blogdorogeriogomes.com.br\/?p=23944"},"modified":"2022-01-03T10:36:36","modified_gmt":"2022-01-03T10:36:36","slug":"a-exemplo-de-camilo-santana-jose-sarto-decide-exonerar-secretarios-que-vao-se-candidatar-nas-eleicoes-do-proximo-ano","status":"publish","type":"post","link":"https:\/\/blogdorogeriogomes.com.br\/noticias\/2021\/12\/a-exemplo-de-camilo-santana-jose-sarto-decide-exonerar-secretarios-que-vao-se-candidatar-nas-eleicoes-do-proximo-ano\/","title":{"rendered":"A exemplo de Camilo Santana, Jos\u00e9 Sarto decide exonerar secret\u00e1rios que v\u00e3o se candidatar nas elei\u00e7\u00f5es do pr\u00f3ximo ano"},"content":{"rendered":"\n<p>Como j\u00e1 tinha sido anunciado pelo governador do Cear\u00e1, Camilo Santana, secret\u00e1rios estaduais que v\u00e3o se candidatar a algum cargo eletivo em 2022 ter\u00e3o de deixar o Governo a partir de janeiro. A minireforma no secretariado tem o objetivo, segundo Camilo, n\u00e3o interromper o andamento de a\u00e7\u00f5es e projetos nas secretorias no \u00faltimo ano de mandato.<\/p>\n\n\n\n<p>Na Prefeitura de Fortaleza, Jos\u00e9 Sarto tamb\u00e9m anunciou que far\u00e1 o mesmo. Secret\u00e1rios que v\u00e3o concorrer nas elei\u00e7\u00f5es de 2022 v\u00e3o deixar os cargos a partir de 1\u00b0 de janeiro. <\/p>\n\n\n\n<p>O prazo para desincompatibilza\u00e7\u00e3o dado pela Justi\u00e7a Eleitoral \u00e9 1\u00b0 de abril, mas o prefeito da Capital considera que a administra\u00e7\u00e3o municipal n\u00e3o pode ser afetada com o in\u00edcio da campanha eleitoral ainda no primeiro semestre.<\/p>\n\n\n\n<figure class=\"wp-block-image size-large\"><img loading=\"lazy\" decoding=\"async\" width=\"722\" height=\"424\" src=\"https:\/\/blogdorogeriogomes.com.br\/wp-content\/uploads\/2021\/12\/images-19.jpeg\" alt=\"\" class=\"wp-image-23945\" srcset=\"https:\/\/blogdorogeriogomes.com.br\/noticias\/wp-content\/uploads\/2021\/12\/images-19.jpeg 722w, https:\/\/blogdorogeriogomes.com.br\/noticias\/wp-content\/uploads\/2021\/12\/images-19-300x176.jpeg 300w\" sizes=\"auto, (max-width: 722px) 100vw, 722px\" \/><\/figure>\n\n\n\n<pre class=\"wp-block-verse\"><\/pre>\n","protected":false},"excerpt":{"rendered":"<p>Como j\u00e1 tinha sido anunciado pelo governador do Cear\u00e1, Camilo Santana, secret\u00e1rios estaduais que v\u00e3o se candidatar a algum cargo eletivo em 2022 ter\u00e3o de deixar o Governo a partir de janeiro. A minireforma no secretariado tem o objetivo, segundo Camilo, n\u00e3o interromper o andamento de a\u00e7\u00f5es e projetos nas secretorias no \u00faltimo ano de mandato. Na Prefeitura de Fortaleza, Jos\u00e9 Sarto tamb\u00e9m anunciou que far\u00e1 o mesmo. Secret\u00e1rios que v\u00e3o concorrer nas elei\u00e7\u00f5es de 2022 v\u00e3o deixar os&hellip;<\/p>\n","protected":false},"author":1,"featured_media":23945,"comment_status":"open","ping_status":"open","sticky":false,"template":"","format":"standard","meta":{"footnotes":""},"categories":[1],"tags":[],"class_list":["post-23944","post","type-post","status-publish","format-standard","has-post-thumbnail","hentry","category-noticias"],"_links":{"self":[{"href":"https:\/\/blogdorogeriogomes.com.br\/noticias\/wp-json\/wp\/v2\/posts\/23944","targetHints":{"allow":["GET"]}}],"collection":[{"href":"https:\/\/blogdorogeriogomes.com.br\/noticias\/wp-json\/wp\/v2\/posts"}],"about":[{"href":"https:\/\/blogdorogeriogomes.com.br\/noticias\/wp-json\/wp\/v2\/types\/post"}],"author":[{"embeddable":true,"href":"https:\/\/blogdorogeriogomes.com.br\/noticias\/wp-json\/wp\/v2\/users\/1"}],"replies":[{"embeddable":true,"href":"https:\/\/blogdorogeriogomes.com.br\/noticias\/wp-json\/wp\/v2\/comments?post=23944"}],"version-history":[{"count":1,"href":"https:\/\/blogdorogeriogomes.com.br\/noticias\/wp-json\/wp\/v2\/posts\/23944\/revisions"}],"predecessor-version":[{"id":23946,"href":"https:\/\/blogdorogeriogomes.com.br\/noticias\/wp-json\/wp\/v2\/posts\/23944\/revisions\/23946"}],"wp:featuredmedia":[{"embeddable":true,"href":"https:\/\/blogdorogeriogomes.com.br\/noticias\/wp-json\/wp\/v2\/media\/23945"}],"wp:attachment":[{"href":"https:\/\/blogdorogeriogomes.com.br\/noticias\/wp-json\/wp\/v2\/media?parent=23944"}],"wp:term":[{"taxonomy":"category","embeddable":true,"href":"https:\/\/blogdorogeriogomes.com.br\/noticias\/wp-json\/wp\/v2\/categories?post=23944"},{"taxonomy":"post_tag","embeddable":true,"href":"https:\/\/blogdorogeriogomes.com.br\/noticias\/wp-json\/wp\/v2\/tags?post=23944"}],"curies":[{"name":"wp","href":"https:\/\/api.w.org\/{rel}","templated":true}]}}