{"id":23950,"date":"2021-12-30T12:21:33","date_gmt":"2021-12-30T12:21:33","guid":{"rendered":"https:\/\/blogdorogeriogomes.com.br\/?p=23950"},"modified":"2022-01-03T10:36:17","modified_gmt":"2022-01-03T10:36:17","slug":"ceara-vive-epidemia-de-gripe-mas-com-avanco-da-vacinacao-as-internacoes-continuam-em-baixa","status":"publish","type":"post","link":"https:\/\/blogdorogeriogomes.com.br\/noticias\/2021\/12\/ceara-vive-epidemia-de-gripe-mas-com-avanco-da-vacinacao-as-internacoes-continuam-em-baixa\/","title":{"rendered":"Cear\u00e1 vive epidemia de gripe, mas com avan\u00e7o da vacina\u00e7\u00e3o as interna\u00e7\u00f5es continuam em baixa"},"content":{"rendered":"\n<p>O Cear\u00e1 \u00e9 mais um dos estados brasileiros a registrarem um surto de gripe, al\u00e9m da preocupa\u00e7\u00e3o com a variante \u00d4micron da Covid-19. De acordo com a secret\u00e1ria Executiva de Vigil\u00e2ncia e Regula\u00e7\u00e3o da Secretaria da Sa\u00fade (Sesa),&nbsp;Ricristhi Gon\u00e7alves, alguns pontos do Estado j\u00e1 vivem uma epidemia. &#8220;A gente j\u00e1 pode considerar que h\u00e1 uma epidemia de s\u00edndromes gripais e a que est\u00e1 prevalecendo \u00e9 a&nbsp;Influenza A H3N2. J\u00e1 identificamos pelo menos 277 casos, sendo 69 deles com subtipo para Influenza A H3N2.&#8221;&nbsp;<\/p>\n\n\n\n<p>A boa not\u00edcia \u00e9 que com o avan\u00e7o na aplica\u00e7\u00e3o das duas doses das vacinas contra a Covid-19, os casos de Influenza t\u00eam surgido com menos gravidade. H\u00e1 lota\u00e7\u00e3o das unidades no pronto atendimento, mas o n\u00famero de interna\u00e7\u00f5es de pacientes continua em baixa na rede p\u00fablica de sa\u00fade.<\/p>\n\n\n\n<p>A recomenda\u00e7\u00e3o das autoridades de sa\u00fade continua sendo a utiliza\u00e7\u00e3o de m\u00e1scaras, higieniza\u00e7\u00e3o das m\u00e3os e evitar aglomera\u00e7\u00f5es, principalmente, em ambientes fechados. Nas festividades do R\u00e9veillon \u00e9 fundamental estar em alerta. <\/p>\n\n\n\n<figure class=\"wp-block-image size-large\"><img loading=\"lazy\" decoding=\"async\" width=\"818\" height=\"459\" src=\"https:\/\/blogdorogeriogomes.com.br\/wp-content\/uploads\/2021\/12\/1_121021_jubs_a6300_alissonpinheiro_129-17749474.jpg\" alt=\"\" class=\"wp-image-23951\" srcset=\"https:\/\/blogdorogeriogomes.com.br\/noticias\/wp-content\/uploads\/2021\/12\/1_121021_jubs_a6300_alissonpinheiro_129-17749474.jpg 818w, https:\/\/blogdorogeriogomes.com.br\/noticias\/wp-content\/uploads\/2021\/12\/1_121021_jubs_a6300_alissonpinheiro_129-17749474-300x168.jpg 300w, https:\/\/blogdorogeriogomes.com.br\/noticias\/wp-content\/uploads\/2021\/12\/1_121021_jubs_a6300_alissonpinheiro_129-17749474-768x431.jpg 768w, https:\/\/blogdorogeriogomes.com.br\/noticias\/wp-content\/uploads\/2021\/12\/1_121021_jubs_a6300_alissonpinheiro_129-17749474-800x449.jpg 800w\" sizes=\"auto, (max-width: 818px) 100vw, 818px\" \/><\/figure>\n","protected":false},"excerpt":{"rendered":"<p>O Cear\u00e1 \u00e9 mais um dos estados brasileiros a registrarem um surto de gripe, al\u00e9m da preocupa\u00e7\u00e3o com a variante \u00d4micron da Covid-19. De acordo com a secret\u00e1ria Executiva de Vigil\u00e2ncia e Regula\u00e7\u00e3o da Secretaria da Sa\u00fade (Sesa),&nbsp;Ricristhi Gon\u00e7alves, alguns pontos do Estado j\u00e1 vivem uma epidemia. &#8220;A gente j\u00e1 pode considerar que h\u00e1 uma epidemia de s\u00edndromes gripais e a que est\u00e1 prevalecendo \u00e9 a&nbsp;Influenza A H3N2. J\u00e1 identificamos pelo menos 277 casos, sendo 69 deles com subtipo&hellip;<\/p>\n","protected":false},"author":1,"featured_media":23951,"comment_status":"open","ping_status":"open","sticky":false,"template":"","format":"standard","meta":{"footnotes":""},"categories":[1],"tags":[],"class_list":["post-23950","post","type-post","status-publish","format-standard","has-post-thumbnail","hentry","category-noticias"],"_links":{"self":[{"href":"https:\/\/blogdorogeriogomes.com.br\/noticias\/wp-json\/wp\/v2\/posts\/23950","targetHints":{"allow":["GET"]}}],"collection":[{"href":"https:\/\/blogdorogeriogomes.com.br\/noticias\/wp-json\/wp\/v2\/posts"}],"about":[{"href":"https:\/\/blogdorogeriogomes.com.br\/noticias\/wp-json\/wp\/v2\/types\/post"}],"author":[{"embeddable":true,"href":"https:\/\/blogdorogeriogomes.com.br\/noticias\/wp-json\/wp\/v2\/users\/1"}],"replies":[{"embeddable":true,"href":"https:\/\/blogdorogeriogomes.com.br\/noticias\/wp-json\/wp\/v2\/comments?post=23950"}],"version-history":[{"count":2,"href":"https:\/\/blogdorogeriogomes.com.br\/noticias\/wp-json\/wp\/v2\/posts\/23950\/revisions"}],"predecessor-version":[{"id":23970,"href":"https:\/\/blogdorogeriogomes.com.br\/noticias\/wp-json\/wp\/v2\/posts\/23950\/revisions\/23970"}],"wp:featuredmedia":[{"embeddable":true,"href":"https:\/\/blogdorogeriogomes.com.br\/noticias\/wp-json\/wp\/v2\/media\/23951"}],"wp:attachment":[{"href":"https:\/\/blogdorogeriogomes.com.br\/noticias\/wp-json\/wp\/v2\/media?parent=23950"}],"wp:term":[{"taxonomy":"category","embeddable":true,"href":"https:\/\/blogdorogeriogomes.com.br\/noticias\/wp-json\/wp\/v2\/categories?post=23950"},{"taxonomy":"post_tag","embeddable":true,"href":"https:\/\/blogdorogeriogomes.com.br\/noticias\/wp-json\/wp\/v2\/tags?post=23950"}],"curies":[{"name":"wp","href":"https:\/\/api.w.org\/{rel}","templated":true}]}}