{"id":23956,"date":"2021-12-31T14:58:25","date_gmt":"2021-12-31T14:58:25","guid":{"rendered":"https:\/\/blogdorogeriogomes.com.br\/?p=23956"},"modified":"2022-01-03T10:35:58","modified_gmt":"2022-01-03T10:35:58","slug":"virada-do-ano-tem-perspectiva-de-chuvas-em-todo-o-ceara","status":"publish","type":"post","link":"https:\/\/blogdorogeriogomes.com.br\/noticias\/2021\/12\/virada-do-ano-tem-perspectiva-de-chuvas-em-todo-o-ceara\/","title":{"rendered":"Virada do ano tem perspectiva de chuvas em todo o Cear\u00e1"},"content":{"rendered":"\n<p> A virada do ano deve ser de chuva em v\u00e1rios munic\u00edpios do Cear\u00e1. Segundo a Funda\u00e7\u00e3o Cearense de Meteorologia e Recursos H\u00eddricos (Funceme), a previs\u00e3o \u00e9 que o c\u00e9u fique variando de nublado a parcialmente nublado em todas as macrorregi\u00f5es, com alta possibilidade de precipita\u00e7\u00f5es. Cariri, Sul do Sert\u00e3o Central, Inhamuns e Ibiapaba devem ser contemplados. Em janeiro come\u00e7am as chuvas da pr\u00e9 esta\u00e7\u00e3o.<\/p>\n\n\n\n<p>Para este s\u00e1bado, 1\u00ba de janeiro de 2022, a perspectiva \u00e9 que o c\u00e9u permane\u00e7a variando de nublado a parcialmente nublado em todas as macrorregi\u00f5es. Tamb\u00e9m h\u00e1 alta possibilidade de chuvas em todo o estado do Cear\u00e1.<\/p>\n\n\n\n<figure class=\"wp-block-image size-large\"><img loading=\"lazy\" decoding=\"async\" width=\"612\" height=\"459\" src=\"https:\/\/blogdorogeriogomes.com.br\/wp-content\/uploads\/2021\/12\/images-2-1.jpeg\" alt=\"\" class=\"wp-image-23957\" srcset=\"https:\/\/blogdorogeriogomes.com.br\/noticias\/wp-content\/uploads\/2021\/12\/images-2-1.jpeg 612w, https:\/\/blogdorogeriogomes.com.br\/noticias\/wp-content\/uploads\/2021\/12\/images-2-1-300x225.jpeg 300w, https:\/\/blogdorogeriogomes.com.br\/noticias\/wp-content\/uploads\/2021\/12\/images-2-1-400x300.jpeg 400w\" sizes=\"auto, (max-width: 612px) 100vw, 612px\" \/><\/figure>\n","protected":false},"excerpt":{"rendered":"<p>A virada do ano deve ser de chuva em v\u00e1rios munic\u00edpios do Cear\u00e1. Segundo a Funda\u00e7\u00e3o Cearense de Meteorologia e Recursos H\u00eddricos (Funceme), a previs\u00e3o \u00e9 que o c\u00e9u fique variando de nublado a parcialmente nublado em todas as macrorregi\u00f5es, com alta possibilidade de precipita\u00e7\u00f5es. Cariri, Sul do Sert\u00e3o Central, Inhamuns e Ibiapaba devem ser contemplados. Em janeiro come\u00e7am as chuvas da pr\u00e9 esta\u00e7\u00e3o. Para este s\u00e1bado, 1\u00ba de janeiro de 2022, a perspectiva \u00e9 que o c\u00e9u permane\u00e7a&hellip;<\/p>\n","protected":false},"author":1,"featured_media":23957,"comment_status":"open","ping_status":"open","sticky":false,"template":"","format":"standard","meta":{"footnotes":""},"categories":[1],"tags":[],"class_list":["post-23956","post","type-post","status-publish","format-standard","has-post-thumbnail","hentry","category-noticias"],"_links":{"self":[{"href":"https:\/\/blogdorogeriogomes.com.br\/noticias\/wp-json\/wp\/v2\/posts\/23956","targetHints":{"allow":["GET"]}}],"collection":[{"href":"https:\/\/blogdorogeriogomes.com.br\/noticias\/wp-json\/wp\/v2\/posts"}],"about":[{"href":"https:\/\/blogdorogeriogomes.com.br\/noticias\/wp-json\/wp\/v2\/types\/post"}],"author":[{"embeddable":true,"href":"https:\/\/blogdorogeriogomes.com.br\/noticias\/wp-json\/wp\/v2\/users\/1"}],"replies":[{"embeddable":true,"href":"https:\/\/blogdorogeriogomes.com.br\/noticias\/wp-json\/wp\/v2\/comments?post=23956"}],"version-history":[{"count":1,"href":"https:\/\/blogdorogeriogomes.com.br\/noticias\/wp-json\/wp\/v2\/posts\/23956\/revisions"}],"predecessor-version":[{"id":23958,"href":"https:\/\/blogdorogeriogomes.com.br\/noticias\/wp-json\/wp\/v2\/posts\/23956\/revisions\/23958"}],"wp:featuredmedia":[{"embeddable":true,"href":"https:\/\/blogdorogeriogomes.com.br\/noticias\/wp-json\/wp\/v2\/media\/23957"}],"wp:attachment":[{"href":"https:\/\/blogdorogeriogomes.com.br\/noticias\/wp-json\/wp\/v2\/media?parent=23956"}],"wp:term":[{"taxonomy":"category","embeddable":true,"href":"https:\/\/blogdorogeriogomes.com.br\/noticias\/wp-json\/wp\/v2\/categories?post=23956"},{"taxonomy":"post_tag","embeddable":true,"href":"https:\/\/blogdorogeriogomes.com.br\/noticias\/wp-json\/wp\/v2\/tags?post=23956"}],"curies":[{"name":"wp","href":"https:\/\/api.w.org\/{rel}","templated":true}]}}