{"id":23959,"date":"2021-12-31T15:26:06","date_gmt":"2021-12-31T15:26:06","guid":{"rendered":"https:\/\/blogdorogeriogomes.com.br\/?p=23959"},"modified":"2022-01-03T10:35:50","modified_gmt":"2022-01-03T10:35:50","slug":"governo-estadual-vai-ampliar-testagem-no-interior-em-parceria-com-as-prefeituras","status":"publish","type":"post","link":"https:\/\/blogdorogeriogomes.com.br\/noticias\/2021\/12\/governo-estadual-vai-ampliar-testagem-no-interior-em-parceria-com-as-prefeituras\/","title":{"rendered":"Governo Estadual vai ampliar testagem no interior em parceria com as prefeituras"},"content":{"rendered":"\n<p>O governador do Cear\u00e1, Camilo Santana, prometeu ampliar a testagem de pacientes para o diagn\u00f3stico da Covid-19 em Fortaleza e todo o interior do Estado. A medida \u00e9 preventiva diante do aumento de casos de s\u00edndrome gripal nas unidades de sa\u00fade p\u00fablica e privada.&nbsp;&#8220;Vamos intensificar a testagem em pontos de circula\u00e7\u00e3o da popula\u00e7\u00e3o. A Sesa vai distribuir kits de testagem para os munic\u00edpios. Queremos testar em massa para planejar as medidas a serem tomadas para o estado do Cear\u00e1. Uma reuni\u00e3o vai definir os pontos de testagem aqui na capital cearense&#8221;, disse o governador.<\/p>\n\n\n\n<p>Em Fortaleza at\u00e9 o pr\u00f3ximo domingo, dia 2 de janeiro, seis postos de sa\u00fade estar\u00e3o atendendo&nbsp;exclusivamente pessoas com sintomas de s\u00edndrome gripal: Barra do Cear\u00e1, Vila Velha, Itaperi, Siqueira, Jos\u00e9 Walter e Jangurussu. <\/p>\n\n\n\n<p>Al\u00e9m dos seis postos de sa\u00fade que estar\u00e3o atendendo, Fortaleza conta com 12 Unidades de Pronto Atendimento (UPAs), sendo seis delas administradas pelo munic\u00edpio.&nbsp;<\/p>\n\n\n\n<figure class=\"wp-block-image size-large\"><img loading=\"lazy\" decoding=\"async\" width=\"631\" height=\"386\" src=\"https:\/\/blogdorogeriogomes.com.br\/wp-content\/uploads\/2021\/12\/images-3-3.jpeg\" alt=\"\" class=\"wp-image-23960\" srcset=\"https:\/\/blogdorogeriogomes.com.br\/noticias\/wp-content\/uploads\/2021\/12\/images-3-3.jpeg 631w, https:\/\/blogdorogeriogomes.com.br\/noticias\/wp-content\/uploads\/2021\/12\/images-3-3-300x184.jpeg 300w\" sizes=\"auto, (max-width: 631px) 100vw, 631px\" \/><\/figure>\n","protected":false},"excerpt":{"rendered":"<p>O governador do Cear\u00e1, Camilo Santana, prometeu ampliar a testagem de pacientes para o diagn\u00f3stico da Covid-19 em Fortaleza e todo o interior do Estado. A medida \u00e9 preventiva diante do aumento de casos de s\u00edndrome gripal nas unidades de sa\u00fade p\u00fablica e privada.&nbsp;&#8220;Vamos intensificar a testagem em pontos de circula\u00e7\u00e3o da popula\u00e7\u00e3o. A Sesa vai distribuir kits de testagem para os munic\u00edpios. Queremos testar em massa para planejar as medidas a serem tomadas para o estado do Cear\u00e1.&hellip;<\/p>\n","protected":false},"author":1,"featured_media":23960,"comment_status":"open","ping_status":"open","sticky":false,"template":"","format":"standard","meta":{"footnotes":""},"categories":[1],"tags":[],"class_list":["post-23959","post","type-post","status-publish","format-standard","has-post-thumbnail","hentry","category-noticias"],"_links":{"self":[{"href":"https:\/\/blogdorogeriogomes.com.br\/noticias\/wp-json\/wp\/v2\/posts\/23959","targetHints":{"allow":["GET"]}}],"collection":[{"href":"https:\/\/blogdorogeriogomes.com.br\/noticias\/wp-json\/wp\/v2\/posts"}],"about":[{"href":"https:\/\/blogdorogeriogomes.com.br\/noticias\/wp-json\/wp\/v2\/types\/post"}],"author":[{"embeddable":true,"href":"https:\/\/blogdorogeriogomes.com.br\/noticias\/wp-json\/wp\/v2\/users\/1"}],"replies":[{"embeddable":true,"href":"https:\/\/blogdorogeriogomes.com.br\/noticias\/wp-json\/wp\/v2\/comments?post=23959"}],"version-history":[{"count":2,"href":"https:\/\/blogdorogeriogomes.com.br\/noticias\/wp-json\/wp\/v2\/posts\/23959\/revisions"}],"predecessor-version":[{"id":23969,"href":"https:\/\/blogdorogeriogomes.com.br\/noticias\/wp-json\/wp\/v2\/posts\/23959\/revisions\/23969"}],"wp:featuredmedia":[{"embeddable":true,"href":"https:\/\/blogdorogeriogomes.com.br\/noticias\/wp-json\/wp\/v2\/media\/23960"}],"wp:attachment":[{"href":"https:\/\/blogdorogeriogomes.com.br\/noticias\/wp-json\/wp\/v2\/media?parent=23959"}],"wp:term":[{"taxonomy":"category","embeddable":true,"href":"https:\/\/blogdorogeriogomes.com.br\/noticias\/wp-json\/wp\/v2\/categories?post=23959"},{"taxonomy":"post_tag","embeddable":true,"href":"https:\/\/blogdorogeriogomes.com.br\/noticias\/wp-json\/wp\/v2\/tags?post=23959"}],"curies":[{"name":"wp","href":"https:\/\/api.w.org\/{rel}","templated":true}]}}