{"id":23962,"date":"2022-01-02T14:37:50","date_gmt":"2022-01-02T14:37:50","guid":{"rendered":"https:\/\/blogdorogeriogomes.com.br\/?p=23962"},"modified":"2022-01-03T10:35:36","modified_gmt":"2022-01-03T10:35:36","slug":"governo-do-ceara-inicia-2022-com-cinco-mudancas-no-secretariado-estadual","status":"publish","type":"post","link":"https:\/\/blogdorogeriogomes.com.br\/noticias\/2022\/01\/governo-do-ceara-inicia-2022-com-cinco-mudancas-no-secretariado-estadual\/","title":{"rendered":"Governo do Cear\u00e1 inicia 2022 com cinco mudan\u00e7as no secretariado estadual"},"content":{"rendered":"\n<p>Cinco secret\u00e1rios do Governo do Cear\u00e1 deixaram seus cargos para concorrer nas elei\u00e7\u00f5es de 2022. Foram exonerados Mauro Filho (Planejamento e Gest\u00e3o), Zezinho Albuquerque (Cidades), Lia Gomes (secret\u00e1ria-executiva na Secretaria da Prote\u00e7\u00e3o Social), Francisco De Assis Diniz (Desenvolvimento Agr\u00e1rio) e In\u00e1cio Arruda (Ci\u00eancia, Tecnologia e Educa\u00e7\u00e3o Superior). Nesta semana, o governador Camilo Santana deve anunciar os substitutos. Camilo j\u00e1 tinha adiantado que os assessores que fossem concorrer no pleito deste ano deveriam deixar as suas fun\u00e7\u00f5es no Estado. <\/p>\n\n\n\n<p>A expectativa at\u00e9 abril \u00e9 esperar a confirma\u00e7\u00e3o se o pr\u00f3prio governador Camilo Santana deixar\u00e1 o cargo para concorrer \u00e0 vaga de Tasso Jereissati no Senado Federal. Ser\u00e1 o tempo tamb\u00e9m de se saber quem ser\u00e1 o candidato de situa\u00e7\u00e3o ao Governo Estadual. Est\u00e3o cotados: Roberto Cl\u00e1udio (PDT), Evandro Leit\u00e3o (PDT), Izolda Cela (PDT) e Mauro Filho (PDT). Caso n\u00e3o v\u00e1 concorrer, a vice Izolda Cela assumiria o Governo do Cear\u00e1 at\u00e9 o fim do ano.<\/p>\n\n\n\n<figure class=\"wp-block-image size-large\"><img loading=\"lazy\" decoding=\"async\" width=\"1024\" height=\"684\" src=\"https:\/\/blogdorogeriogomes.com.br\/wp-content\/uploads\/2022\/01\/211221_REUNIAO-SECRETARIADO_CGM0672-1200x802-1-1024x684.jpg\" alt=\"\" class=\"wp-image-23963\" srcset=\"https:\/\/blogdorogeriogomes.com.br\/noticias\/wp-content\/uploads\/2022\/01\/211221_REUNIAO-SECRETARIADO_CGM0672-1200x802-1-1024x684.jpg 1024w, https:\/\/blogdorogeriogomes.com.br\/noticias\/wp-content\/uploads\/2022\/01\/211221_REUNIAO-SECRETARIADO_CGM0672-1200x802-1-300x201.jpg 300w, https:\/\/blogdorogeriogomes.com.br\/noticias\/wp-content\/uploads\/2022\/01\/211221_REUNIAO-SECRETARIADO_CGM0672-1200x802-1-768x513.jpg 768w, https:\/\/blogdorogeriogomes.com.br\/noticias\/wp-content\/uploads\/2022\/01\/211221_REUNIAO-SECRETARIADO_CGM0672-1200x802-1-800x535.jpg 800w, https:\/\/blogdorogeriogomes.com.br\/noticias\/wp-content\/uploads\/2022\/01\/211221_REUNIAO-SECRETARIADO_CGM0672-1200x802-1.jpg 1200w\" sizes=\"auto, (max-width: 1024px) 100vw, 1024px\" \/><\/figure>\n","protected":false},"excerpt":{"rendered":"<p>Cinco secret\u00e1rios do Governo do Cear\u00e1 deixaram seus cargos para concorrer nas elei\u00e7\u00f5es de 2022. Foram exonerados Mauro Filho (Planejamento e Gest\u00e3o), Zezinho Albuquerque (Cidades), Lia Gomes (secret\u00e1ria-executiva na Secretaria da Prote\u00e7\u00e3o Social), Francisco De Assis Diniz (Desenvolvimento Agr\u00e1rio) e In\u00e1cio Arruda (Ci\u00eancia, Tecnologia e Educa\u00e7\u00e3o Superior). Nesta semana, o governador Camilo Santana deve anunciar os substitutos. Camilo j\u00e1 tinha adiantado que os assessores que fossem concorrer no pleito deste ano deveriam deixar as suas fun\u00e7\u00f5es no Estado. A&hellip;<\/p>\n","protected":false},"author":1,"featured_media":23963,"comment_status":"open","ping_status":"open","sticky":false,"template":"","format":"standard","meta":{"footnotes":""},"categories":[1],"tags":[],"class_list":["post-23962","post","type-post","status-publish","format-standard","has-post-thumbnail","hentry","category-noticias"],"_links":{"self":[{"href":"https:\/\/blogdorogeriogomes.com.br\/noticias\/wp-json\/wp\/v2\/posts\/23962","targetHints":{"allow":["GET"]}}],"collection":[{"href":"https:\/\/blogdorogeriogomes.com.br\/noticias\/wp-json\/wp\/v2\/posts"}],"about":[{"href":"https:\/\/blogdorogeriogomes.com.br\/noticias\/wp-json\/wp\/v2\/types\/post"}],"author":[{"embeddable":true,"href":"https:\/\/blogdorogeriogomes.com.br\/noticias\/wp-json\/wp\/v2\/users\/1"}],"replies":[{"embeddable":true,"href":"https:\/\/blogdorogeriogomes.com.br\/noticias\/wp-json\/wp\/v2\/comments?post=23962"}],"version-history":[{"count":1,"href":"https:\/\/blogdorogeriogomes.com.br\/noticias\/wp-json\/wp\/v2\/posts\/23962\/revisions"}],"predecessor-version":[{"id":23964,"href":"https:\/\/blogdorogeriogomes.com.br\/noticias\/wp-json\/wp\/v2\/posts\/23962\/revisions\/23964"}],"wp:featuredmedia":[{"embeddable":true,"href":"https:\/\/blogdorogeriogomes.com.br\/noticias\/wp-json\/wp\/v2\/media\/23963"}],"wp:attachment":[{"href":"https:\/\/blogdorogeriogomes.com.br\/noticias\/wp-json\/wp\/v2\/media?parent=23962"}],"wp:term":[{"taxonomy":"category","embeddable":true,"href":"https:\/\/blogdorogeriogomes.com.br\/noticias\/wp-json\/wp\/v2\/categories?post=23962"},{"taxonomy":"post_tag","embeddable":true,"href":"https:\/\/blogdorogeriogomes.com.br\/noticias\/wp-json\/wp\/v2\/tags?post=23962"}],"curies":[{"name":"wp","href":"https:\/\/api.w.org\/{rel}","templated":true}]}}