{"id":23977,"date":"2022-01-03T12:08:52","date_gmt":"2022-01-03T12:08:52","guid":{"rendered":"https:\/\/blogdorogeriogomes.com.br\/?p=23977"},"modified":"2022-01-04T20:56:40","modified_gmt":"2022-01-04T20:56:40","slug":"sergio-moro-admite-concorrer-ao-senado-para-assegurar-foro-privilegiado","status":"publish","type":"post","link":"https:\/\/blogdorogeriogomes.com.br\/noticias\/2022\/01\/sergio-moro-admite-concorrer-ao-senado-para-assegurar-foro-privilegiado\/","title":{"rendered":"Sergio Moro admite concorrer ao Senado para assegurar foro privilegiado"},"content":{"rendered":"\n<p>A pr\u00e9 candidatura do ex-juiz Sergio Moro (Podemos) ainda n\u00e3o decolou como queria os aliados. As pesquisas mostram Moro na faixa dos 9% das inten\u00e7\u00f5es de voto para a Presid\u00eancia da Rep\u00fablica em 2022. Para os aliados, se a candidatura Moro n\u00e3o ultrapassar os 15% nas pesquisas at\u00e9 o fim de fevereiro, o ex-juiz admite concorrer ao Senado.<\/p>\n\n\n\n<p>A busca pelo foro privilegiado pode ser fundamental para Sergio Moro depois que o ministro Bruno Dantas, do TCU (Tribunal de Contas da Uni\u00e3o), mandou a consultoria americana Alvarez &amp; Marsal revelar os servi\u00e7os prestados e os valores pagos ao ex-juiz.<\/p>\n\n\n\n<p>Sergio Moro foi contratado pela empresa em abril, logo depois de deixar o Minist\u00e9rio da Justi\u00e7a. Em outubro, ele largou o emprego para se lan\u00e7ar pr\u00e9-candidato. Alvarez &amp; Marsal \u00e9 o escrit\u00f3rio que atuou como administrador judicial da Odebrecht, empreiteira investigada pela Lava Jato.<\/p>\n\n\n\n<figure class=\"wp-block-image size-large\"><img loading=\"lazy\" decoding=\"async\" width=\"675\" height=\"450\" src=\"https:\/\/blogdorogeriogomes.com.br\/wp-content\/uploads\/2022\/01\/images-4.jpeg\" alt=\"\" class=\"wp-image-23978\" srcset=\"https:\/\/blogdorogeriogomes.com.br\/noticias\/wp-content\/uploads\/2022\/01\/images-4.jpeg 675w, https:\/\/blogdorogeriogomes.com.br\/noticias\/wp-content\/uploads\/2022\/01\/images-4-300x200.jpeg 300w\" sizes=\"auto, (max-width: 675px) 100vw, 675px\" \/><\/figure>\n","protected":false},"excerpt":{"rendered":"<p>A pr\u00e9 candidatura do ex-juiz Sergio Moro (Podemos) ainda n\u00e3o decolou como queria os aliados. As pesquisas mostram Moro na faixa dos 9% das inten\u00e7\u00f5es de voto para a Presid\u00eancia da Rep\u00fablica em 2022. Para os aliados, se a candidatura Moro n\u00e3o ultrapassar os 15% nas pesquisas at\u00e9 o fim de fevereiro, o ex-juiz admite concorrer ao Senado. A busca pelo foro privilegiado pode ser fundamental para Sergio Moro depois que o ministro Bruno Dantas, do TCU (Tribunal de&hellip;<\/p>\n","protected":false},"author":1,"featured_media":23978,"comment_status":"open","ping_status":"open","sticky":false,"template":"","format":"standard","meta":{"footnotes":""},"categories":[1],"tags":[],"class_list":["post-23977","post","type-post","status-publish","format-standard","has-post-thumbnail","hentry","category-noticias"],"_links":{"self":[{"href":"https:\/\/blogdorogeriogomes.com.br\/noticias\/wp-json\/wp\/v2\/posts\/23977","targetHints":{"allow":["GET"]}}],"collection":[{"href":"https:\/\/blogdorogeriogomes.com.br\/noticias\/wp-json\/wp\/v2\/posts"}],"about":[{"href":"https:\/\/blogdorogeriogomes.com.br\/noticias\/wp-json\/wp\/v2\/types\/post"}],"author":[{"embeddable":true,"href":"https:\/\/blogdorogeriogomes.com.br\/noticias\/wp-json\/wp\/v2\/users\/1"}],"replies":[{"embeddable":true,"href":"https:\/\/blogdorogeriogomes.com.br\/noticias\/wp-json\/wp\/v2\/comments?post=23977"}],"version-history":[{"count":1,"href":"https:\/\/blogdorogeriogomes.com.br\/noticias\/wp-json\/wp\/v2\/posts\/23977\/revisions"}],"predecessor-version":[{"id":23979,"href":"https:\/\/blogdorogeriogomes.com.br\/noticias\/wp-json\/wp\/v2\/posts\/23977\/revisions\/23979"}],"wp:featuredmedia":[{"embeddable":true,"href":"https:\/\/blogdorogeriogomes.com.br\/noticias\/wp-json\/wp\/v2\/media\/23978"}],"wp:attachment":[{"href":"https:\/\/blogdorogeriogomes.com.br\/noticias\/wp-json\/wp\/v2\/media?parent=23977"}],"wp:term":[{"taxonomy":"category","embeddable":true,"href":"https:\/\/blogdorogeriogomes.com.br\/noticias\/wp-json\/wp\/v2\/categories?post=23977"},{"taxonomy":"post_tag","embeddable":true,"href":"https:\/\/blogdorogeriogomes.com.br\/noticias\/wp-json\/wp\/v2\/tags?post=23977"}],"curies":[{"name":"wp","href":"https:\/\/api.w.org\/{rel}","templated":true}]}}