{"id":23980,"date":"2022-01-04T10:49:36","date_gmt":"2022-01-04T10:49:36","guid":{"rendered":"https:\/\/blogdorogeriogomes.com.br\/?p=23980"},"modified":"2022-01-04T20:56:31","modified_gmt":"2022-01-04T20:56:31","slug":"advogado-erinaldo-dantas-e-empossado-como-novo-presidente-da-oab-ceara","status":"publish","type":"post","link":"https:\/\/blogdorogeriogomes.com.br\/noticias\/2022\/01\/advogado-erinaldo-dantas-e-empossado-como-novo-presidente-da-oab-ceara\/","title":{"rendered":"Advogado Erinaldo Dantas \u00e9 empossado como novo presidente da OAB Cear\u00e1"},"content":{"rendered":"\n<p>O presidente reeleito da OAB Cear\u00e1, Erinaldo Dantas, tomou posse solene da gest\u00e3o para o tri\u00eanio 2022-2024, nesta segunda-feira, dia 3 de janeiro. Tamb\u00e9m foram empossados: a vice-presidente Christiane do Vale Leit\u00e3o; o secret\u00e1rio-geral, David Sombra Peixoto; o secret\u00e1rio-geral adjunto, Rafael Pereira Ponte; a tesoureira, Camila Ferreira Fernandes; os conselheiros seccionais; e a diretoria da Caixa de Assist\u00eancia dos Advogados do Cear\u00e1 (CAACE).<\/p>\n\n\n\n<p>Erinaldo Dantas pregou uni\u00e3o da categoria e refor\u00e7o do trabalho do Judici\u00e1rio na retomada das atividades em 2022. &#8220;Do ponto de vista corporativo, nossa grande preocupa\u00e7\u00e3o \u00e9 com o processo de retomada do judici\u00e1rio. Temos uma preocupa\u00e7\u00e3o enorme com a nova variante do coronav\u00edrus. Mas, a Justi\u00e7a \u00e9 um servi\u00e7o de primeira necessidade e deve funcionar assim como funcionam os hospitais. O que a gente precisa ter no poder judici\u00e1rio \u00e9 um controle sanit\u00e1rio rigoroso. N\u00e3o podemos permitir que Comarcas e Varas fiquem fechadas, uma vez que s\u00e3o garantias da sociedade e do Estado Democr\u00e1tico de Direito\u201d, destacou o presidente da OAB Cear\u00e1.<\/p>\n\n\n\n<figure class=\"wp-block-image size-large\"><img loading=\"lazy\" decoding=\"async\" width=\"800\" height=\"533\" src=\"https:\/\/blogdorogeriogomes.com.br\/wp-content\/uploads\/2022\/01\/WhatsApp-Image-2022-01-03-at-19.57.52-800x533-1.jpeg\" alt=\"\" class=\"wp-image-23981\" srcset=\"https:\/\/blogdorogeriogomes.com.br\/noticias\/wp-content\/uploads\/2022\/01\/WhatsApp-Image-2022-01-03-at-19.57.52-800x533-1.jpeg 800w, https:\/\/blogdorogeriogomes.com.br\/noticias\/wp-content\/uploads\/2022\/01\/WhatsApp-Image-2022-01-03-at-19.57.52-800x533-1-300x200.jpeg 300w, https:\/\/blogdorogeriogomes.com.br\/noticias\/wp-content\/uploads\/2022\/01\/WhatsApp-Image-2022-01-03-at-19.57.52-800x533-1-768x512.jpeg 768w\" sizes=\"auto, (max-width: 800px) 100vw, 800px\" \/><\/figure>\n","protected":false},"excerpt":{"rendered":"<p>O presidente reeleito da OAB Cear\u00e1, Erinaldo Dantas, tomou posse solene da gest\u00e3o para o tri\u00eanio 2022-2024, nesta segunda-feira, dia 3 de janeiro. Tamb\u00e9m foram empossados: a vice-presidente Christiane do Vale Leit\u00e3o; o secret\u00e1rio-geral, David Sombra Peixoto; o secret\u00e1rio-geral adjunto, Rafael Pereira Ponte; a tesoureira, Camila Ferreira Fernandes; os conselheiros seccionais; e a diretoria da Caixa de Assist\u00eancia dos Advogados do Cear\u00e1 (CAACE). Erinaldo Dantas pregou uni\u00e3o da categoria e refor\u00e7o do trabalho do Judici\u00e1rio na retomada das atividades&hellip;<\/p>\n","protected":false},"author":1,"featured_media":23981,"comment_status":"open","ping_status":"open","sticky":false,"template":"","format":"standard","meta":{"footnotes":""},"categories":[1],"tags":[],"class_list":["post-23980","post","type-post","status-publish","format-standard","has-post-thumbnail","hentry","category-noticias"],"_links":{"self":[{"href":"https:\/\/blogdorogeriogomes.com.br\/noticias\/wp-json\/wp\/v2\/posts\/23980","targetHints":{"allow":["GET"]}}],"collection":[{"href":"https:\/\/blogdorogeriogomes.com.br\/noticias\/wp-json\/wp\/v2\/posts"}],"about":[{"href":"https:\/\/blogdorogeriogomes.com.br\/noticias\/wp-json\/wp\/v2\/types\/post"}],"author":[{"embeddable":true,"href":"https:\/\/blogdorogeriogomes.com.br\/noticias\/wp-json\/wp\/v2\/users\/1"}],"replies":[{"embeddable":true,"href":"https:\/\/blogdorogeriogomes.com.br\/noticias\/wp-json\/wp\/v2\/comments?post=23980"}],"version-history":[{"count":1,"href":"https:\/\/blogdorogeriogomes.com.br\/noticias\/wp-json\/wp\/v2\/posts\/23980\/revisions"}],"predecessor-version":[{"id":23982,"href":"https:\/\/blogdorogeriogomes.com.br\/noticias\/wp-json\/wp\/v2\/posts\/23980\/revisions\/23982"}],"wp:featuredmedia":[{"embeddable":true,"href":"https:\/\/blogdorogeriogomes.com.br\/noticias\/wp-json\/wp\/v2\/media\/23981"}],"wp:attachment":[{"href":"https:\/\/blogdorogeriogomes.com.br\/noticias\/wp-json\/wp\/v2\/media?parent=23980"}],"wp:term":[{"taxonomy":"category","embeddable":true,"href":"https:\/\/blogdorogeriogomes.com.br\/noticias\/wp-json\/wp\/v2\/categories?post=23980"},{"taxonomy":"post_tag","embeddable":true,"href":"https:\/\/blogdorogeriogomes.com.br\/noticias\/wp-json\/wp\/v2\/tags?post=23980"}],"curies":[{"name":"wp","href":"https:\/\/api.w.org\/{rel}","templated":true}]}}