{"id":23983,"date":"2022-01-04T11:11:35","date_gmt":"2022-01-04T11:11:35","guid":{"rendered":"https:\/\/blogdorogeriogomes.com.br\/?p=23983"},"modified":"2022-01-04T20:56:20","modified_gmt":"2022-01-04T20:56:20","slug":"governadores-do-pais-querem-iniciar-a-vacinacao-de-criancas-48-horas-apos-receberem-os-imunizantes-do-ministerio-da-saude","status":"publish","type":"post","link":"https:\/\/blogdorogeriogomes.com.br\/noticias\/2022\/01\/governadores-do-pais-querem-iniciar-a-vacinacao-de-criancas-48-horas-apos-receberem-os-imunizantes-do-ministerio-da-saude\/","title":{"rendered":"Governadores do Pa\u00eds querem iniciar a vacina\u00e7\u00e3o de crian\u00e7as 48 horas ap\u00f3s receberem os imunizantes do Minist\u00e9rio da Sa\u00fade"},"content":{"rendered":"\n<p>O Minist\u00e9rio da Sa\u00fade anunciou a chegada das primeiras doses da vacina pedi\u00e1trica da Pfizer para este m\u00eas de janeiro. O imunizante \u00e9 indicado para a aplica\u00e7\u00e3o no p\u00fablico entre 5 e 11 anos de idade. H\u00e1 resist\u00eancia do presidente Jair Bolsonaro, do ministro da Sa\u00fade, Marcelo Queiroga, e dos negacionistas em aplicar a vacina da Covid-19 para as crian\u00e7as. Mas nos estados, o cadastro do p\u00fablico infantil j\u00e1 come\u00e7ou e a ideia dos governadores \u00e9 iniciar a aplica\u00e7\u00e3o das doses 48 ap\u00f3s a chegada das primeiras doses.<\/p>\n\n\n\n<p>A Anvisa aprovou a utiliza\u00e7\u00e3o da vacina Pfizer para crian\u00e7as a partir de 5 anos desde o \u00faltimo dia 16 de dezembro,&nbsp;mas o Governo Federal ainda n\u00e3o incluiu a vacina para esta faixa et\u00e1ria no Plano Nacional de Imuniza\u00e7\u00e3o (PNI) e preferiu abrir uma consulta p\u00fablica. Tentou tamb\u00e9m a exig\u00eancia de uma prescri\u00e7\u00e3o m\u00e9dica para a aplica\u00e7\u00e3o da vacina pedi\u00e1trica, que n\u00e3o ser\u00e1 seguida pelos governadores.<\/p>\n\n\n\n<p>Em resumo: apesar do negacionismo expl\u00edcito e vergonhoso do Governo Bolsonaro em rela\u00e7\u00e3o \u00e0 vacina da Covid-19, a popula\u00e7\u00e3o brasileira vai continuar buscando se imunizar contra o coronav\u00edrus, como recomenda a Ci\u00eancia.<\/p>\n\n\n\n<figure class=\"wp-block-image size-large\"><img loading=\"lazy\" decoding=\"async\" width=\"1024\" height=\"576\" src=\"https:\/\/blogdorogeriogomes.com.br\/wp-content\/uploads\/2022\/01\/000-9um6vz-1024x576.jpg\" alt=\"\" class=\"wp-image-23984\" srcset=\"https:\/\/blogdorogeriogomes.com.br\/noticias\/wp-content\/uploads\/2022\/01\/000-9um6vz-1024x576.jpg 1024w, https:\/\/blogdorogeriogomes.com.br\/noticias\/wp-content\/uploads\/2022\/01\/000-9um6vz-300x169.jpg 300w, https:\/\/blogdorogeriogomes.com.br\/noticias\/wp-content\/uploads\/2022\/01\/000-9um6vz-768x432.jpg 768w, https:\/\/blogdorogeriogomes.com.br\/noticias\/wp-content\/uploads\/2022\/01\/000-9um6vz-800x450.jpg 800w, https:\/\/blogdorogeriogomes.com.br\/noticias\/wp-content\/uploads\/2022\/01\/000-9um6vz.jpg 1080w\" sizes=\"auto, (max-width: 1024px) 100vw, 1024px\" \/><\/figure>\n","protected":false},"excerpt":{"rendered":"<p>O Minist\u00e9rio da Sa\u00fade anunciou a chegada das primeiras doses da vacina pedi\u00e1trica da Pfizer para este m\u00eas de janeiro. O imunizante \u00e9 indicado para a aplica\u00e7\u00e3o no p\u00fablico entre 5 e 11 anos de idade. H\u00e1 resist\u00eancia do presidente Jair Bolsonaro, do ministro da Sa\u00fade, Marcelo Queiroga, e dos negacionistas em aplicar a vacina da Covid-19 para as crian\u00e7as. Mas nos estados, o cadastro do p\u00fablico infantil j\u00e1 come\u00e7ou e a ideia dos governadores \u00e9 iniciar a aplica\u00e7\u00e3o&hellip;<\/p>\n","protected":false},"author":1,"featured_media":23984,"comment_status":"open","ping_status":"open","sticky":false,"template":"","format":"standard","meta":{"footnotes":""},"categories":[1],"tags":[],"class_list":["post-23983","post","type-post","status-publish","format-standard","has-post-thumbnail","hentry","category-noticias"],"_links":{"self":[{"href":"https:\/\/blogdorogeriogomes.com.br\/noticias\/wp-json\/wp\/v2\/posts\/23983","targetHints":{"allow":["GET"]}}],"collection":[{"href":"https:\/\/blogdorogeriogomes.com.br\/noticias\/wp-json\/wp\/v2\/posts"}],"about":[{"href":"https:\/\/blogdorogeriogomes.com.br\/noticias\/wp-json\/wp\/v2\/types\/post"}],"author":[{"embeddable":true,"href":"https:\/\/blogdorogeriogomes.com.br\/noticias\/wp-json\/wp\/v2\/users\/1"}],"replies":[{"embeddable":true,"href":"https:\/\/blogdorogeriogomes.com.br\/noticias\/wp-json\/wp\/v2\/comments?post=23983"}],"version-history":[{"count":2,"href":"https:\/\/blogdorogeriogomes.com.br\/noticias\/wp-json\/wp\/v2\/posts\/23983\/revisions"}],"predecessor-version":[{"id":23986,"href":"https:\/\/blogdorogeriogomes.com.br\/noticias\/wp-json\/wp\/v2\/posts\/23983\/revisions\/23986"}],"wp:featuredmedia":[{"embeddable":true,"href":"https:\/\/blogdorogeriogomes.com.br\/noticias\/wp-json\/wp\/v2\/media\/23984"}],"wp:attachment":[{"href":"https:\/\/blogdorogeriogomes.com.br\/noticias\/wp-json\/wp\/v2\/media?parent=23983"}],"wp:term":[{"taxonomy":"category","embeddable":true,"href":"https:\/\/blogdorogeriogomes.com.br\/noticias\/wp-json\/wp\/v2\/categories?post=23983"},{"taxonomy":"post_tag","embeddable":true,"href":"https:\/\/blogdorogeriogomes.com.br\/noticias\/wp-json\/wp\/v2\/tags?post=23983"}],"curies":[{"name":"wp","href":"https:\/\/api.w.org\/{rel}","templated":true}]}}