{"id":23988,"date":"2022-01-05T10:48:02","date_gmt":"2022-01-05T10:48:02","guid":{"rendered":"https:\/\/blogdorogeriogomes.com.br\/?p=23988"},"modified":"2022-01-06T08:34:06","modified_gmt":"2022-01-06T08:34:06","slug":"zezinho-albuquerque-pode-trocar-pdt-pelo-pp-e-buscar-mais-capital-politico-para-sucessao-estadual-em-2022","status":"publish","type":"post","link":"https:\/\/blogdorogeriogomes.com.br\/noticias\/2022\/01\/zezinho-albuquerque-pode-trocar-pdt-pelo-pp-e-buscar-mais-capital-politico-para-sucessao-estadual-em-2022\/","title":{"rendered":"Zezinho Albuquerque pode trocar PDT pelo PP e buscar mais capital pol\u00edtico para sucess\u00e3o estadual em 2022"},"content":{"rendered":"\n<p>Depois de deixar a Secretaria das Cidades no Governo Camilo Santana para sair candidato nas elei\u00e7\u00f5es de 2022, o deputado estadual Zezinho Albuquerque pode trocar o PDT pelo PP. Zezinho quer buscar mais espa\u00e7o no cen\u00e1rio pol\u00edtico e interferir na escolha de quem ser\u00e1 o candidato ao Governo do Estado.<\/p>\n\n\n\n<p>&nbsp;Zezinho diz que o assunto ainda dever\u00e1 ser discutido com o senador Cid Gomes e com o presidenciavel Ciro Gomes, figuras centrais do PDT no Cear\u00e1. O deputado federal AJ Albuquerque (PP), filho de Zezinho, ocupa uma cadeira na bancada cearense da C\u00e2mara dos Deputados e \u00e9 aliado de primeira linha do Governo Bolsonaro em Bras\u00edlia, mas no Cear\u00e1 comp\u00f5e com o governo de Camilo Santana. O Progressitas tem como principal lideran\u00e7a o senador Ciro Nogueira, que \u00e9 o ministro da Casa Civil de Bolsonaro. Ou seja, est\u00e3o na contram\u00e3o do que defende Ciro Gomes.<\/p>\n\n\n\n<p>Zezinho Albuquerque, que pode tamb\u00e9m se candidatar a uma nova vaga para deputado estadual, pretende tomar uma decis\u00e3o de deixar o PDT ou n\u00e3o at\u00e9 mar\u00e7o. \u00c9 mais pe\u00e7a no tabuleiro que se move para a defini\u00e7\u00e3o de quem ser\u00e1 o candidato apoiado por Camilo Santana e pelos irm\u00e3os Ferreira Gomes ao Pal\u00e1cio da Aboli\u00e7\u00e3o.<\/p>\n\n\n\n<figure class=\"wp-block-image size-large\"><img loading=\"lazy\" decoding=\"async\" width=\"678\" height=\"452\" src=\"https:\/\/blogdorogeriogomes.com.br\/wp-content\/uploads\/2022\/01\/images-5.jpeg\" alt=\"\" class=\"wp-image-23989\" srcset=\"https:\/\/blogdorogeriogomes.com.br\/noticias\/wp-content\/uploads\/2022\/01\/images-5.jpeg 678w, https:\/\/blogdorogeriogomes.com.br\/noticias\/wp-content\/uploads\/2022\/01\/images-5-300x200.jpeg 300w\" sizes=\"auto, (max-width: 678px) 100vw, 678px\" \/><\/figure>\n","protected":false},"excerpt":{"rendered":"<p>Depois de deixar a Secretaria das Cidades no Governo Camilo Santana para sair candidato nas elei\u00e7\u00f5es de 2022, o deputado estadual Zezinho Albuquerque pode trocar o PDT pelo PP. Zezinho quer buscar mais espa\u00e7o no cen\u00e1rio pol\u00edtico e interferir na escolha de quem ser\u00e1 o candidato ao Governo do Estado. &nbsp;Zezinho diz que o assunto ainda dever\u00e1 ser discutido com o senador Cid Gomes e com o presidenciavel Ciro Gomes, figuras centrais do PDT no Cear\u00e1. O deputado federal&hellip;<\/p>\n","protected":false},"author":1,"featured_media":23989,"comment_status":"open","ping_status":"open","sticky":false,"template":"","format":"standard","meta":{"footnotes":""},"categories":[1],"tags":[],"class_list":["post-23988","post","type-post","status-publish","format-standard","has-post-thumbnail","hentry","category-noticias"],"_links":{"self":[{"href":"https:\/\/blogdorogeriogomes.com.br\/noticias\/wp-json\/wp\/v2\/posts\/23988","targetHints":{"allow":["GET"]}}],"collection":[{"href":"https:\/\/blogdorogeriogomes.com.br\/noticias\/wp-json\/wp\/v2\/posts"}],"about":[{"href":"https:\/\/blogdorogeriogomes.com.br\/noticias\/wp-json\/wp\/v2\/types\/post"}],"author":[{"embeddable":true,"href":"https:\/\/blogdorogeriogomes.com.br\/noticias\/wp-json\/wp\/v2\/users\/1"}],"replies":[{"embeddable":true,"href":"https:\/\/blogdorogeriogomes.com.br\/noticias\/wp-json\/wp\/v2\/comments?post=23988"}],"version-history":[{"count":2,"href":"https:\/\/blogdorogeriogomes.com.br\/noticias\/wp-json\/wp\/v2\/posts\/23988\/revisions"}],"predecessor-version":[{"id":24001,"href":"https:\/\/blogdorogeriogomes.com.br\/noticias\/wp-json\/wp\/v2\/posts\/23988\/revisions\/24001"}],"wp:featuredmedia":[{"embeddable":true,"href":"https:\/\/blogdorogeriogomes.com.br\/noticias\/wp-json\/wp\/v2\/media\/23989"}],"wp:attachment":[{"href":"https:\/\/blogdorogeriogomes.com.br\/noticias\/wp-json\/wp\/v2\/media?parent=23988"}],"wp:term":[{"taxonomy":"category","embeddable":true,"href":"https:\/\/blogdorogeriogomes.com.br\/noticias\/wp-json\/wp\/v2\/categories?post=23988"},{"taxonomy":"post_tag","embeddable":true,"href":"https:\/\/blogdorogeriogomes.com.br\/noticias\/wp-json\/wp\/v2\/tags?post=23988"}],"curies":[{"name":"wp","href":"https:\/\/api.w.org\/{rel}","templated":true}]}}