{"id":23991,"date":"2022-01-05T11:13:47","date_gmt":"2022-01-05T11:13:47","guid":{"rendered":"https:\/\/blogdorogeriogomes.com.br\/?p=23991"},"modified":"2022-01-06T08:33:21","modified_gmt":"2022-01-06T08:33:21","slug":"secretaria-de-saude-do-ceara-monta-esquema-de-ampliacao-de-leitos-e-testagem-diante-do-aumento-de-casos-de-covid-e-sindromes-gripais","status":"publish","type":"post","link":"https:\/\/blogdorogeriogomes.com.br\/noticias\/2022\/01\/secretaria-de-saude-do-ceara-monta-esquema-de-ampliacao-de-leitos-e-testagem-diante-do-aumento-de-casos-de-covid-e-sindromes-gripais\/","title":{"rendered":"Secretaria de Sa\u00fade do Cear\u00e1 monta esquema de amplia\u00e7\u00e3o de leitos e testagem diante do aumento de casos de Covid e s\u00edndromes gripais"},"content":{"rendered":"\n<p>O aumento de casos de s\u00edndromes gripais e de Covid-19 na rede hospital p\u00fablica e privada no Cear\u00e1 acendeu o alerta na Secretaria de Sa\u00fade do Estado. Ap\u00f3s reuni\u00e3o do secret\u00e1rio de Sa\u00fade, Marcos Gadelha, com o governador Camilo Santana j\u00e1 ficou decidido que o Cear\u00e1 vai lan\u00e7ar um plano de amplia\u00e7\u00e3o de leitos para pacientes com s\u00edndromes respirat\u00f3rias nas unidades estaduais de sa\u00fade e de testagem para os poss\u00edveis infectados com Covid-19 ou com a gripe Influenza. <\/p>\n\n\n\n<p>Pacientes com sintomas leves e mais severos t\u00eam lotado as emerg\u00eancias das redes p\u00fablica e privada desde a segunda quinzena de dezembro. O que preocupa as autoridades de sa\u00fade \u00e9 o crescimento r\u00e1pido das pessoas que t\u00eam buscado os hospitais. A maioria apresenta sintomas leves, mas impressiona a velocidade de contamina\u00e7\u00e3o.<\/p>\n\n\n\n<p>&#8220;N\u00e3o \u00e9 poss\u00edvel, baseado nos dados epidemiol\u00f3gicos, a gente afirmar que a gente entrou numa terceira onda. N\u00e3o \u00e9 poss\u00edvel. Mas isso sinaliza que existe um risco e esse processo costuma ser s\u00fabito.&nbsp;Da noite para o dia a gente pode, exponencialmente, aumentar o n\u00famero de casos&#8221;, declarou o secret\u00e1rio de Sa\u00fade, Marcos Gadelha, em entrevista \u00e0 TV Verdes Mares. A recomenda\u00e7\u00e3o no momento continua sendo o uso de m\u00e1scaras, higiene das m\u00e3os e a busca da vacina\u00e7\u00e3o contra a Covid-19 que previne a manifesta\u00e7\u00e3o de casos graves. \u00c9 importante tamb\u00e9m evitar grandes aglomera\u00e7\u00f5es.<\/p>\n\n\n\n<figure class=\"wp-block-image size-large\"><img loading=\"lazy\" decoding=\"async\" width=\"640\" height=\"360\" src=\"https:\/\/blogdorogeriogomes.com.br\/wp-content\/uploads\/2022\/01\/dp1.jpg\" alt=\"\" class=\"wp-image-23992\" srcset=\"https:\/\/blogdorogeriogomes.com.br\/noticias\/wp-content\/uploads\/2022\/01\/dp1.jpg 640w, https:\/\/blogdorogeriogomes.com.br\/noticias\/wp-content\/uploads\/2022\/01\/dp1-300x169.jpg 300w\" sizes=\"auto, (max-width: 640px) 100vw, 640px\" \/><\/figure>\n","protected":false},"excerpt":{"rendered":"<p>O aumento de casos de s\u00edndromes gripais e de Covid-19 na rede hospital p\u00fablica e privada no Cear\u00e1 acendeu o alerta na Secretaria de Sa\u00fade do Estado. Ap\u00f3s reuni\u00e3o do secret\u00e1rio de Sa\u00fade, Marcos Gadelha, com o governador Camilo Santana j\u00e1 ficou decidido que o Cear\u00e1 vai lan\u00e7ar um plano de amplia\u00e7\u00e3o de leitos para pacientes com s\u00edndromes respirat\u00f3rias nas unidades estaduais de sa\u00fade e de testagem para os poss\u00edveis infectados com Covid-19 ou com a gripe Influenza. Pacientes&hellip;<\/p>\n","protected":false},"author":1,"featured_media":23992,"comment_status":"open","ping_status":"open","sticky":false,"template":"","format":"standard","meta":{"footnotes":""},"categories":[1],"tags":[],"class_list":["post-23991","post","type-post","status-publish","format-standard","has-post-thumbnail","hentry","category-noticias"],"_links":{"self":[{"href":"https:\/\/blogdorogeriogomes.com.br\/noticias\/wp-json\/wp\/v2\/posts\/23991","targetHints":{"allow":["GET"]}}],"collection":[{"href":"https:\/\/blogdorogeriogomes.com.br\/noticias\/wp-json\/wp\/v2\/posts"}],"about":[{"href":"https:\/\/blogdorogeriogomes.com.br\/noticias\/wp-json\/wp\/v2\/types\/post"}],"author":[{"embeddable":true,"href":"https:\/\/blogdorogeriogomes.com.br\/noticias\/wp-json\/wp\/v2\/users\/1"}],"replies":[{"embeddable":true,"href":"https:\/\/blogdorogeriogomes.com.br\/noticias\/wp-json\/wp\/v2\/comments?post=23991"}],"version-history":[{"count":2,"href":"https:\/\/blogdorogeriogomes.com.br\/noticias\/wp-json\/wp\/v2\/posts\/23991\/revisions"}],"predecessor-version":[{"id":24000,"href":"https:\/\/blogdorogeriogomes.com.br\/noticias\/wp-json\/wp\/v2\/posts\/23991\/revisions\/24000"}],"wp:featuredmedia":[{"embeddable":true,"href":"https:\/\/blogdorogeriogomes.com.br\/noticias\/wp-json\/wp\/v2\/media\/23992"}],"wp:attachment":[{"href":"https:\/\/blogdorogeriogomes.com.br\/noticias\/wp-json\/wp\/v2\/media?parent=23991"}],"wp:term":[{"taxonomy":"category","embeddable":true,"href":"https:\/\/blogdorogeriogomes.com.br\/noticias\/wp-json\/wp\/v2\/categories?post=23991"},{"taxonomy":"post_tag","embeddable":true,"href":"https:\/\/blogdorogeriogomes.com.br\/noticias\/wp-json\/wp\/v2\/tags?post=23991"}],"curies":[{"name":"wp","href":"https:\/\/api.w.org\/{rel}","templated":true}]}}