{"id":23994,"date":"2022-01-05T14:55:54","date_gmt":"2022-01-05T14:55:54","guid":{"rendered":"https:\/\/blogdorogeriogomes.com.br\/?p=23994"},"modified":"2022-01-06T08:33:02","modified_gmt":"2022-01-06T08:33:02","slug":"novos-secretarios-estaduais-sao-anunciados-em-substituicao-aos-que-deixaram-os-cargos-para-concorrer-nas-eleicoes-2022","status":"publish","type":"post","link":"https:\/\/blogdorogeriogomes.com.br\/noticias\/2022\/01\/novos-secretarios-estaduais-sao-anunciados-em-substituicao-aos-que-deixaram-os-cargos-para-concorrer-nas-eleicoes-2022\/","title":{"rendered":"Novos secret\u00e1rios estaduais s\u00e3o anunciados em substitui\u00e7\u00e3o aos que deixaram os cargos para concorrer nas Elei\u00e7\u00f5es 2022"},"content":{"rendered":"\n<p>Mudan\u00e7as no staff do Pal\u00e1cio da Aboli\u00e7\u00e3o, em Fortaleza. O governador Camilo Santana anunciou, nesta quarta-feira, dia 5 de janeiro, os novos titulares em quatro Secretarias de Estado: Cidades, Planejamento e Gest\u00e3o, Ci\u00eancia, Tecnologia e Educa\u00e7\u00e3o Superior, e Desenvolvimento Agr\u00e1rio. Os gestores substituem os secret\u00e1rios que deixaram os cargos na semana passada para concorrer nas Elei\u00e7\u00f5es 2022.<\/p>\n\n\n\n<p>Na Secretaria do Planejamento e Gest\u00e3o (Seplag) assume Ronaldo Borges, que estava como secret\u00e1rio Executivo da pasta. Na Secretaria da Ci\u00eancia, Tecnologia e Educa\u00e7\u00e3o Superior (Secitece), o titular ser\u00e1 Carlos D\u00e9cimo de Souza, que tamb\u00e9m estava como secret\u00e1rio Executivo. Na Secretaria do Desenvolvimento Agr\u00e1rio (SDA), assume Ana Tereza Barbosa de Carvalho, que ocupava a presid\u00eancia do Instituto Agropolos. E na Secretaria das Cidades, o novo comandante da pasta \u00e9 Marcos Cals, que estava como secret\u00e1rio Executivo da pasta.<\/p>\n\n\n\n<figure class=\"wp-block-image size-large\"><img loading=\"lazy\" decoding=\"async\" width=\"897\" height=\"635\" src=\"https:\/\/blogdorogeriogomes.com.br\/wp-content\/uploads\/2022\/01\/270573400_3192543667644871_7415240175434476504_n.jpg\" alt=\"\" class=\"wp-image-23995\" srcset=\"https:\/\/blogdorogeriogomes.com.br\/noticias\/wp-content\/uploads\/2022\/01\/270573400_3192543667644871_7415240175434476504_n.jpg 897w, https:\/\/blogdorogeriogomes.com.br\/noticias\/wp-content\/uploads\/2022\/01\/270573400_3192543667644871_7415240175434476504_n-300x212.jpg 300w, https:\/\/blogdorogeriogomes.com.br\/noticias\/wp-content\/uploads\/2022\/01\/270573400_3192543667644871_7415240175434476504_n-768x544.jpg 768w, https:\/\/blogdorogeriogomes.com.br\/noticias\/wp-content\/uploads\/2022\/01\/270573400_3192543667644871_7415240175434476504_n-800x566.jpg 800w\" sizes=\"auto, (max-width: 897px) 100vw, 897px\" \/><\/figure>\n","protected":false},"excerpt":{"rendered":"<p>Mudan\u00e7as no staff do Pal\u00e1cio da Aboli\u00e7\u00e3o, em Fortaleza. O governador Camilo Santana anunciou, nesta quarta-feira, dia 5 de janeiro, os novos titulares em quatro Secretarias de Estado: Cidades, Planejamento e Gest\u00e3o, Ci\u00eancia, Tecnologia e Educa\u00e7\u00e3o Superior, e Desenvolvimento Agr\u00e1rio. Os gestores substituem os secret\u00e1rios que deixaram os cargos na semana passada para concorrer nas Elei\u00e7\u00f5es 2022. Na Secretaria do Planejamento e Gest\u00e3o (Seplag) assume Ronaldo Borges, que estava como secret\u00e1rio Executivo da pasta. Na Secretaria da Ci\u00eancia, Tecnologia&hellip;<\/p>\n","protected":false},"author":1,"featured_media":23995,"comment_status":"open","ping_status":"open","sticky":false,"template":"","format":"standard","meta":{"footnotes":""},"categories":[1],"tags":[],"class_list":["post-23994","post","type-post","status-publish","format-standard","has-post-thumbnail","hentry","category-noticias"],"_links":{"self":[{"href":"https:\/\/blogdorogeriogomes.com.br\/noticias\/wp-json\/wp\/v2\/posts\/23994","targetHints":{"allow":["GET"]}}],"collection":[{"href":"https:\/\/blogdorogeriogomes.com.br\/noticias\/wp-json\/wp\/v2\/posts"}],"about":[{"href":"https:\/\/blogdorogeriogomes.com.br\/noticias\/wp-json\/wp\/v2\/types\/post"}],"author":[{"embeddable":true,"href":"https:\/\/blogdorogeriogomes.com.br\/noticias\/wp-json\/wp\/v2\/users\/1"}],"replies":[{"embeddable":true,"href":"https:\/\/blogdorogeriogomes.com.br\/noticias\/wp-json\/wp\/v2\/comments?post=23994"}],"version-history":[{"count":1,"href":"https:\/\/blogdorogeriogomes.com.br\/noticias\/wp-json\/wp\/v2\/posts\/23994\/revisions"}],"predecessor-version":[{"id":23996,"href":"https:\/\/blogdorogeriogomes.com.br\/noticias\/wp-json\/wp\/v2\/posts\/23994\/revisions\/23996"}],"wp:featuredmedia":[{"embeddable":true,"href":"https:\/\/blogdorogeriogomes.com.br\/noticias\/wp-json\/wp\/v2\/media\/23995"}],"wp:attachment":[{"href":"https:\/\/blogdorogeriogomes.com.br\/noticias\/wp-json\/wp\/v2\/media?parent=23994"}],"wp:term":[{"taxonomy":"category","embeddable":true,"href":"https:\/\/blogdorogeriogomes.com.br\/noticias\/wp-json\/wp\/v2\/categories?post=23994"},{"taxonomy":"post_tag","embeddable":true,"href":"https:\/\/blogdorogeriogomes.com.br\/noticias\/wp-json\/wp\/v2\/tags?post=23994"}],"curies":[{"name":"wp","href":"https:\/\/api.w.org\/{rel}","templated":true}]}}