{"id":23997,"date":"2022-01-05T15:16:36","date_gmt":"2022-01-05T15:16:36","guid":{"rendered":"https:\/\/blogdorogeriogomes.com.br\/?p=23997"},"modified":"2022-01-06T08:32:51","modified_gmt":"2022-01-06T08:32:51","slug":"passagens-de-onibus-em-fortaleza-sofrem-reajuste-de-83-a-partir-de-15-de-janeiro","status":"publish","type":"post","link":"https:\/\/blogdorogeriogomes.com.br\/noticias\/2022\/01\/passagens-de-onibus-em-fortaleza-sofrem-reajuste-de-83-a-partir-de-15-de-janeiro\/","title":{"rendered":"Passagens de \u00f4nibus em Fortaleza sofrem reajuste de 8,3% a partir de 15 de janeiro"},"content":{"rendered":"\n<p>Desde 2019 sem reajuste, a tarifa de \u00f4nibus em Fortaleza ter\u00e1 aumento a partir de 15 de janeiro. De acordo com a Prefeitura da Capital, a tarifa passar\u00e1 de R$ 3,60 para R$ 3,90 com um percentual de reajuste de 8,3%. A meia passagem ficar\u00e1 em R$ 1,80. \u201cS\u00e3o tr\u00eas anos consecutivos sem aumento da passagem de transporte p\u00fablico. O que aconteceu nestes dois anos de pandemia? Caiu pela metade o fluxo de passageiros&#8221;, justificou o prefeito Jos\u00e9 Sarto.<\/p>\n\n\n\n<p>Prefeitura de Fortaleza e Governo do Estado v\u00e3o aplicar cerca de R$ 32 milh\u00f5es no transporte p\u00fablico da Capital, sendo o aporte dividido mensalmente em repasses de R$ 6 milh\u00f5es. A renova\u00e7\u00e3o do subs\u00eddio, segundo a Etufor, permite que o aumento na tarifa de \u00f4nibus seja menor do que o calculado pelo Sindionibus.<\/p>\n\n\n\n<figure class=\"wp-block-image size-large\"><img loading=\"lazy\" decoding=\"async\" width=\"739\" height=\"415\" src=\"https:\/\/blogdorogeriogomes.com.br\/wp-content\/uploads\/2022\/01\/images-6.jpeg\" alt=\"\" class=\"wp-image-23998\" srcset=\"https:\/\/blogdorogeriogomes.com.br\/noticias\/wp-content\/uploads\/2022\/01\/images-6.jpeg 739w, https:\/\/blogdorogeriogomes.com.br\/noticias\/wp-content\/uploads\/2022\/01\/images-6-300x168.jpeg 300w\" sizes=\"auto, (max-width: 739px) 100vw, 739px\" \/><\/figure>\n","protected":false},"excerpt":{"rendered":"<p>Desde 2019 sem reajuste, a tarifa de \u00f4nibus em Fortaleza ter\u00e1 aumento a partir de 15 de janeiro. De acordo com a Prefeitura da Capital, a tarifa passar\u00e1 de R$ 3,60 para R$ 3,90 com um percentual de reajuste de 8,3%. A meia passagem ficar\u00e1 em R$ 1,80. \u201cS\u00e3o tr\u00eas anos consecutivos sem aumento da passagem de transporte p\u00fablico. O que aconteceu nestes dois anos de pandemia? Caiu pela metade o fluxo de passageiros&#8221;, justificou o prefeito Jos\u00e9 Sarto.&hellip;<\/p>\n","protected":false},"author":1,"featured_media":23998,"comment_status":"open","ping_status":"open","sticky":false,"template":"","format":"standard","meta":{"footnotes":""},"categories":[1],"tags":[],"class_list":["post-23997","post","type-post","status-publish","format-standard","has-post-thumbnail","hentry","category-noticias"],"_links":{"self":[{"href":"https:\/\/blogdorogeriogomes.com.br\/noticias\/wp-json\/wp\/v2\/posts\/23997","targetHints":{"allow":["GET"]}}],"collection":[{"href":"https:\/\/blogdorogeriogomes.com.br\/noticias\/wp-json\/wp\/v2\/posts"}],"about":[{"href":"https:\/\/blogdorogeriogomes.com.br\/noticias\/wp-json\/wp\/v2\/types\/post"}],"author":[{"embeddable":true,"href":"https:\/\/blogdorogeriogomes.com.br\/noticias\/wp-json\/wp\/v2\/users\/1"}],"replies":[{"embeddable":true,"href":"https:\/\/blogdorogeriogomes.com.br\/noticias\/wp-json\/wp\/v2\/comments?post=23997"}],"version-history":[{"count":1,"href":"https:\/\/blogdorogeriogomes.com.br\/noticias\/wp-json\/wp\/v2\/posts\/23997\/revisions"}],"predecessor-version":[{"id":23999,"href":"https:\/\/blogdorogeriogomes.com.br\/noticias\/wp-json\/wp\/v2\/posts\/23997\/revisions\/23999"}],"wp:featuredmedia":[{"embeddable":true,"href":"https:\/\/blogdorogeriogomes.com.br\/noticias\/wp-json\/wp\/v2\/media\/23998"}],"wp:attachment":[{"href":"https:\/\/blogdorogeriogomes.com.br\/noticias\/wp-json\/wp\/v2\/media?parent=23997"}],"wp:term":[{"taxonomy":"category","embeddable":true,"href":"https:\/\/blogdorogeriogomes.com.br\/noticias\/wp-json\/wp\/v2\/categories?post=23997"},{"taxonomy":"post_tag","embeddable":true,"href":"https:\/\/blogdorogeriogomes.com.br\/noticias\/wp-json\/wp\/v2\/tags?post=23997"}],"curies":[{"name":"wp","href":"https:\/\/api.w.org\/{rel}","templated":true}]}}