{"id":24002,"date":"2022-01-06T09:14:37","date_gmt":"2022-01-06T09:14:37","guid":{"rendered":"https:\/\/blogdorogeriogomes.com.br\/?p=24002"},"modified":"2022-01-07T09:10:25","modified_gmt":"2022-01-07T09:10:25","slug":"novo-decreto-estadual-da-covid-19-veta-festas-carnavalescas-e-reduz-capacidade-de-eventos-sociais","status":"publish","type":"post","link":"https:\/\/blogdorogeriogomes.com.br\/noticias\/2022\/01\/novo-decreto-estadual-da-covid-19-veta-festas-carnavalescas-e-reduz-capacidade-de-eventos-sociais\/","title":{"rendered":"Novo decreto estadual da Covid-19 veta festas carnavalescas e reduz capacidade de eventos sociais"},"content":{"rendered":"\n<p>Para enfrentar o aumento de casos da Covid-19 e de s\u00edndromes gripais, o governador Camilo Santana e o secret\u00e1rio de Sa\u00fade do Cear\u00e1, Marcos Gadelha, anunciaram a suspens\u00e3o de todos os eventos de Pr\u00e9-Carnaval e Carnaval no Cear\u00e1. Outros eventos festivos, sociais e culturais podem acontecer apenas com a redu\u00e7\u00e3o da capacidade de ocupa\u00e7\u00e3o, para at\u00e9 250 pessoas em ambientes fechados e 500 pessoas em ambientes abertos. A decis\u00e3o foi chancelada pelo Comit\u00ea Estadual de Enfrentamento \u00e0 Covid-19 e passa a valer j\u00e1 a partir desta quinta-feira, dia 6 de janeiro. A medida tem dura\u00e7\u00e3o inicial de 30 dias.<\/p>\n\n\n\n<p>Camilo Santana destaca a dissemina\u00e7\u00e3o da variante \u00d4micron no Cear\u00e1 e o aumento dos casos de Influenza, principalmente na Capital. O crescimento de testes positivos foi registrado em todos os seis Centros de Testagem do Cear\u00e1 (cinco em Fortaleza e um em Juazeiro do Norte).<\/p>\n\n\n\n<p>De dezembro de 2021 para o in\u00edcio deste ano, no Centro de Testagem para Viajantes do Aeroporto Internacional Pinto Martins a taxa de positividade de testes aumentou em 100 vezes.<\/p>\n\n\n\n<p>A Secretaria de Sa\u00fade do Cear\u00e1 j\u00e1 est\u00e1 ampliando os leitos de enfermaria e UTI para atendimento a pacientes com s\u00edndrome gripal na rede p\u00fablica estadual, assim como a amplia\u00e7\u00e3o da testagem em todo o estado.<\/p>\n\n\n\n<figure class=\"wp-block-image size-large\"><img loading=\"lazy\" decoding=\"async\" width=\"984\" height=\"657\" src=\"https:\/\/blogdorogeriogomes.com.br\/wp-content\/uploads\/2022\/01\/mercado-dos-pinhoes-camila-lima.jpg\" alt=\"\" class=\"wp-image-24003\" srcset=\"https:\/\/blogdorogeriogomes.com.br\/noticias\/wp-content\/uploads\/2022\/01\/mercado-dos-pinhoes-camila-lima.jpg 984w, https:\/\/blogdorogeriogomes.com.br\/noticias\/wp-content\/uploads\/2022\/01\/mercado-dos-pinhoes-camila-lima-300x200.jpg 300w, https:\/\/blogdorogeriogomes.com.br\/noticias\/wp-content\/uploads\/2022\/01\/mercado-dos-pinhoes-camila-lima-768x513.jpg 768w, https:\/\/blogdorogeriogomes.com.br\/noticias\/wp-content\/uploads\/2022\/01\/mercado-dos-pinhoes-camila-lima-800x534.jpg 800w\" sizes=\"auto, (max-width: 984px) 100vw, 984px\" \/><\/figure>\n","protected":false},"excerpt":{"rendered":"<p>Para enfrentar o aumento de casos da Covid-19 e de s\u00edndromes gripais, o governador Camilo Santana e o secret\u00e1rio de Sa\u00fade do Cear\u00e1, Marcos Gadelha, anunciaram a suspens\u00e3o de todos os eventos de Pr\u00e9-Carnaval e Carnaval no Cear\u00e1. Outros eventos festivos, sociais e culturais podem acontecer apenas com a redu\u00e7\u00e3o da capacidade de ocupa\u00e7\u00e3o, para at\u00e9 250 pessoas em ambientes fechados e 500 pessoas em ambientes abertos. A decis\u00e3o foi chancelada pelo Comit\u00ea Estadual de Enfrentamento \u00e0 Covid-19 e&hellip;<\/p>\n","protected":false},"author":1,"featured_media":24003,"comment_status":"open","ping_status":"open","sticky":false,"template":"","format":"standard","meta":{"footnotes":""},"categories":[1],"tags":[],"class_list":["post-24002","post","type-post","status-publish","format-standard","has-post-thumbnail","hentry","category-noticias"],"_links":{"self":[{"href":"https:\/\/blogdorogeriogomes.com.br\/noticias\/wp-json\/wp\/v2\/posts\/24002","targetHints":{"allow":["GET"]}}],"collection":[{"href":"https:\/\/blogdorogeriogomes.com.br\/noticias\/wp-json\/wp\/v2\/posts"}],"about":[{"href":"https:\/\/blogdorogeriogomes.com.br\/noticias\/wp-json\/wp\/v2\/types\/post"}],"author":[{"embeddable":true,"href":"https:\/\/blogdorogeriogomes.com.br\/noticias\/wp-json\/wp\/v2\/users\/1"}],"replies":[{"embeddable":true,"href":"https:\/\/blogdorogeriogomes.com.br\/noticias\/wp-json\/wp\/v2\/comments?post=24002"}],"version-history":[{"count":1,"href":"https:\/\/blogdorogeriogomes.com.br\/noticias\/wp-json\/wp\/v2\/posts\/24002\/revisions"}],"predecessor-version":[{"id":24004,"href":"https:\/\/blogdorogeriogomes.com.br\/noticias\/wp-json\/wp\/v2\/posts\/24002\/revisions\/24004"}],"wp:featuredmedia":[{"embeddable":true,"href":"https:\/\/blogdorogeriogomes.com.br\/noticias\/wp-json\/wp\/v2\/media\/24003"}],"wp:attachment":[{"href":"https:\/\/blogdorogeriogomes.com.br\/noticias\/wp-json\/wp\/v2\/media?parent=24002"}],"wp:term":[{"taxonomy":"category","embeddable":true,"href":"https:\/\/blogdorogeriogomes.com.br\/noticias\/wp-json\/wp\/v2\/categories?post=24002"},{"taxonomy":"post_tag","embeddable":true,"href":"https:\/\/blogdorogeriogomes.com.br\/noticias\/wp-json\/wp\/v2\/tags?post=24002"}],"curies":[{"name":"wp","href":"https:\/\/api.w.org\/{rel}","templated":true}]}}