{"id":24005,"date":"2022-01-06T09:59:43","date_gmt":"2022-01-06T09:59:43","guid":{"rendered":"https:\/\/blogdorogeriogomes.com.br\/?p=24005"},"modified":"2022-01-07T09:10:13","modified_gmt":"2022-01-07T09:10:13","slug":"mesmo-diante-da-alta-de-casos-da-covid-19-no-pais-bolsonaro-e-queiroga-apostam-em-retardar-vacinacao-das-criancas","status":"publish","type":"post","link":"https:\/\/blogdorogeriogomes.com.br\/noticias\/2022\/01\/mesmo-diante-da-alta-de-casos-da-covid-19-no-pais-bolsonaro-e-queiroga-apostam-em-retardar-vacinacao-das-criancas\/","title":{"rendered":"Mesmo diante da alta de casos da Covid-19 no Pa\u00eds, Bolsonaro e Queiroga apostam em retardar vacina\u00e7\u00e3o das crian\u00e7as"},"content":{"rendered":"\n<p>Mal recebeu alta do hospital onde tratou de uma obstru\u00e7\u00e3o intestinal, o presidente Jair Bolsonaro voltou \u00e0 sua agenda de &#8220;prioridades&#8221; diante dos problemas do Pa\u00eds. Foi participar da abertura de um jogo beneficente de cantores sertanejos, em Goi\u00e1s.<\/p>\n\n\n\n<p>Mas o maior problema n\u00e3o est\u00e1 a\u00ed. Est\u00e1 na continuidade de uma campanha s\u00f3rdida contra a vacina\u00e7\u00e3o de crian\u00e7as na faixa et\u00e1ria de 5 a 11 anos, que j\u00e1 deveriam estar sendo imunizadas com a vacina pedi\u00e1trica da Covid-19.  Tanto Bolsonaro, como o ministro da Sa\u00fade, Marcelo Queiroga, investem contra a vacina\u00e7\u00e3o protelando o in\u00edcio da campanha para os menores, que deveria ter iniciado desde 16 de dezembro do ano passado quando a Anvisa liberou o imunizante.<\/p>\n\n\n\n<p>O Governo Federal est\u00e1 sendo obrigado pelo STF a incluir as crian\u00e7as no Plano Nacional de Imuniza\u00e7\u00e3o (PNI), a exemplo do que ocorreu com o p\u00fablico adolescente. Marcelo Queiroga, por determina\u00e7\u00e3o de Bolsonaro, ainda inventou uma consulta p\u00fablica sobre o uso da vacina para as crian\u00e7as e foi derrotado. Ou seja, a maioria esmagadora da popula\u00e7\u00e3o brasileira quer vacinar os seus filhos pequenos. <\/p>\n\n\n\n<p>E mais uma vez, os negacionistas v\u00e3o ficando pra tr\u00e1s na Hist\u00f3ria, que ser\u00e1 bastante dura com quem trabalha contra a vacina\u00e7\u00e3o. N\u00e3o \u00e9 \u00e0 toa, que as UTIs do Pa\u00eds est\u00e3o ocupadas em sua maioria com pacientes de Covid-19 que n\u00e3o tomaram uma \u00fanica dose das vacinas.<\/p>\n\n\n\n<p>As primeiras doses de vacinas contra a doen\u00e7a destinadas a crian\u00e7as de 5 a 11 anos dever\u00e3o chegar ao Brasil no dia 13 de janeiro. Est\u00e1 prevista uma remessa de 1,2 milh\u00e3o de doses do imunizante da Pfizer, que \u00e9 o \u00fanico aprovado at\u00e9 o momento pela Ag\u00eancia Nacional de Vigil\u00e2ncia Sanit\u00e1ria (Anvisa).<\/p>\n\n\n\n<figure class=\"wp-block-image size-large\"><img loading=\"lazy\" decoding=\"async\" width=\"1024\" height=\"576\" src=\"https:\/\/blogdorogeriogomes.com.br\/wp-content\/uploads\/2022\/01\/Bolsonaro-participa-de-jogo-de-futebol-beneficente-de-sertanejos-1024x576.jpg\" alt=\"\" class=\"wp-image-24006\" srcset=\"https:\/\/blogdorogeriogomes.com.br\/noticias\/wp-content\/uploads\/2022\/01\/Bolsonaro-participa-de-jogo-de-futebol-beneficente-de-sertanejos-1024x576.jpg 1024w, https:\/\/blogdorogeriogomes.com.br\/noticias\/wp-content\/uploads\/2022\/01\/Bolsonaro-participa-de-jogo-de-futebol-beneficente-de-sertanejos-300x169.jpg 300w, https:\/\/blogdorogeriogomes.com.br\/noticias\/wp-content\/uploads\/2022\/01\/Bolsonaro-participa-de-jogo-de-futebol-beneficente-de-sertanejos-768x432.jpg 768w, https:\/\/blogdorogeriogomes.com.br\/noticias\/wp-content\/uploads\/2022\/01\/Bolsonaro-participa-de-jogo-de-futebol-beneficente-de-sertanejos-800x450.jpg 800w, https:\/\/blogdorogeriogomes.com.br\/noticias\/wp-content\/uploads\/2022\/01\/Bolsonaro-participa-de-jogo-de-futebol-beneficente-de-sertanejos.jpg 1280w\" sizes=\"auto, (max-width: 1024px) 100vw, 1024px\" \/><\/figure>\n","protected":false},"excerpt":{"rendered":"<p>Mal recebeu alta do hospital onde tratou de uma obstru\u00e7\u00e3o intestinal, o presidente Jair Bolsonaro voltou \u00e0 sua agenda de &#8220;prioridades&#8221; diante dos problemas do Pa\u00eds. Foi participar da abertura de um jogo beneficente de cantores sertanejos, em Goi\u00e1s. Mas o maior problema n\u00e3o est\u00e1 a\u00ed. Est\u00e1 na continuidade de uma campanha s\u00f3rdida contra a vacina\u00e7\u00e3o de crian\u00e7as na faixa et\u00e1ria de 5 a 11 anos, que j\u00e1 deveriam estar sendo imunizadas com a vacina pedi\u00e1trica da Covid-19. Tanto&hellip;<\/p>\n","protected":false},"author":1,"featured_media":24006,"comment_status":"open","ping_status":"open","sticky":false,"template":"","format":"standard","meta":{"footnotes":""},"categories":[1],"tags":[],"class_list":["post-24005","post","type-post","status-publish","format-standard","has-post-thumbnail","hentry","category-noticias"],"_links":{"self":[{"href":"https:\/\/blogdorogeriogomes.com.br\/noticias\/wp-json\/wp\/v2\/posts\/24005","targetHints":{"allow":["GET"]}}],"collection":[{"href":"https:\/\/blogdorogeriogomes.com.br\/noticias\/wp-json\/wp\/v2\/posts"}],"about":[{"href":"https:\/\/blogdorogeriogomes.com.br\/noticias\/wp-json\/wp\/v2\/types\/post"}],"author":[{"embeddable":true,"href":"https:\/\/blogdorogeriogomes.com.br\/noticias\/wp-json\/wp\/v2\/users\/1"}],"replies":[{"embeddable":true,"href":"https:\/\/blogdorogeriogomes.com.br\/noticias\/wp-json\/wp\/v2\/comments?post=24005"}],"version-history":[{"count":1,"href":"https:\/\/blogdorogeriogomes.com.br\/noticias\/wp-json\/wp\/v2\/posts\/24005\/revisions"}],"predecessor-version":[{"id":24007,"href":"https:\/\/blogdorogeriogomes.com.br\/noticias\/wp-json\/wp\/v2\/posts\/24005\/revisions\/24007"}],"wp:featuredmedia":[{"embeddable":true,"href":"https:\/\/blogdorogeriogomes.com.br\/noticias\/wp-json\/wp\/v2\/media\/24006"}],"wp:attachment":[{"href":"https:\/\/blogdorogeriogomes.com.br\/noticias\/wp-json\/wp\/v2\/media?parent=24005"}],"wp:term":[{"taxonomy":"category","embeddable":true,"href":"https:\/\/blogdorogeriogomes.com.br\/noticias\/wp-json\/wp\/v2\/categories?post=24005"},{"taxonomy":"post_tag","embeddable":true,"href":"https:\/\/blogdorogeriogomes.com.br\/noticias\/wp-json\/wp\/v2\/tags?post=24005"}],"curies":[{"name":"wp","href":"https:\/\/api.w.org\/{rel}","templated":true}]}}