{"id":24008,"date":"2022-01-07T13:58:57","date_gmt":"2022-01-07T13:58:57","guid":{"rendered":"https:\/\/blogdorogeriogomes.com.br\/?p=24008"},"modified":"2022-01-07T19:15:47","modified_gmt":"2022-01-07T19:15:47","slug":"ilario-marques-assume-secretaria-de-direitos-humanos-em-fortaleza-na-gestao-de-jose-sarto","status":"publish","type":"post","link":"https:\/\/blogdorogeriogomes.com.br\/noticias\/2022\/01\/ilario-marques-assume-secretaria-de-direitos-humanos-em-fortaleza-na-gestao-de-jose-sarto\/","title":{"rendered":"Il\u00e1rio Marques assume Secretaria de Direitos Humanos em Fortaleza na gest\u00e3o de Jos\u00e9 Sarto"},"content":{"rendered":"\n<p>O ex-prefeito de Quixad\u00e1, Il\u00e1rio Marques (PT), assume a Secretaria de Direitos Humanos e Desenvolvimento Social da Prefeitura de Fortaleza. Il\u00e1rio ocupa a vaga deixada por Claudio Pinho, ex-prefeito de S\u00e3o Gon\u00e7alo do Amarante, que deixou a administra\u00e7\u00e3o municipal para concorrer as elei\u00e7\u00f5es de 2022.&nbsp;<\/p>\n\n\n\n<p>Com a mudan\u00e7a, o prefeito Jos\u00e9 Sarto (PDT) abre espa\u00e7o para o PT na administra\u00e7\u00e3o da Capital. N\u00e3o deixa de ser uma sinaliza\u00e7\u00e3o na busca de manter a alian\u00e7a entre PDT e PT para a sucess\u00e3o estadual em 2022.<\/p>\n\n\n\n<figure class=\"wp-block-image size-large\"><img loading=\"lazy\" decoding=\"async\" width=\"418\" height=\"314\" src=\"https:\/\/blogdorogeriogomes.com.br\/wp-content\/uploads\/2022\/01\/Sarto-Ilario.jpg\" alt=\"\" class=\"wp-image-24009\" srcset=\"https:\/\/blogdorogeriogomes.com.br\/noticias\/wp-content\/uploads\/2022\/01\/Sarto-Ilario.jpg 418w, https:\/\/blogdorogeriogomes.com.br\/noticias\/wp-content\/uploads\/2022\/01\/Sarto-Ilario-300x225.jpg 300w, https:\/\/blogdorogeriogomes.com.br\/noticias\/wp-content\/uploads\/2022\/01\/Sarto-Ilario-400x300.jpg 400w\" sizes=\"auto, (max-width: 418px) 100vw, 418px\" \/><\/figure>\n","protected":false},"excerpt":{"rendered":"<p>O ex-prefeito de Quixad\u00e1, Il\u00e1rio Marques (PT), assume a Secretaria de Direitos Humanos e Desenvolvimento Social da Prefeitura de Fortaleza. Il\u00e1rio ocupa a vaga deixada por Claudio Pinho, ex-prefeito de S\u00e3o Gon\u00e7alo do Amarante, que deixou a administra\u00e7\u00e3o municipal para concorrer as elei\u00e7\u00f5es de 2022.&nbsp; Com a mudan\u00e7a, o prefeito Jos\u00e9 Sarto (PDT) abre espa\u00e7o para o PT na administra\u00e7\u00e3o da Capital. N\u00e3o deixa de ser uma sinaliza\u00e7\u00e3o na busca de manter a alian\u00e7a entre PDT e PT para&hellip;<\/p>\n","protected":false},"author":1,"featured_media":24009,"comment_status":"open","ping_status":"open","sticky":false,"template":"","format":"standard","meta":{"footnotes":""},"categories":[1],"tags":[],"class_list":["post-24008","post","type-post","status-publish","format-standard","has-post-thumbnail","hentry","category-noticias"],"_links":{"self":[{"href":"https:\/\/blogdorogeriogomes.com.br\/noticias\/wp-json\/wp\/v2\/posts\/24008","targetHints":{"allow":["GET"]}}],"collection":[{"href":"https:\/\/blogdorogeriogomes.com.br\/noticias\/wp-json\/wp\/v2\/posts"}],"about":[{"href":"https:\/\/blogdorogeriogomes.com.br\/noticias\/wp-json\/wp\/v2\/types\/post"}],"author":[{"embeddable":true,"href":"https:\/\/blogdorogeriogomes.com.br\/noticias\/wp-json\/wp\/v2\/users\/1"}],"replies":[{"embeddable":true,"href":"https:\/\/blogdorogeriogomes.com.br\/noticias\/wp-json\/wp\/v2\/comments?post=24008"}],"version-history":[{"count":2,"href":"https:\/\/blogdorogeriogomes.com.br\/noticias\/wp-json\/wp\/v2\/posts\/24008\/revisions"}],"predecessor-version":[{"id":24014,"href":"https:\/\/blogdorogeriogomes.com.br\/noticias\/wp-json\/wp\/v2\/posts\/24008\/revisions\/24014"}],"wp:featuredmedia":[{"embeddable":true,"href":"https:\/\/blogdorogeriogomes.com.br\/noticias\/wp-json\/wp\/v2\/media\/24009"}],"wp:attachment":[{"href":"https:\/\/blogdorogeriogomes.com.br\/noticias\/wp-json\/wp\/v2\/media?parent=24008"}],"wp:term":[{"taxonomy":"category","embeddable":true,"href":"https:\/\/blogdorogeriogomes.com.br\/noticias\/wp-json\/wp\/v2\/categories?post=24008"},{"taxonomy":"post_tag","embeddable":true,"href":"https:\/\/blogdorogeriogomes.com.br\/noticias\/wp-json\/wp\/v2\/tags?post=24008"}],"curies":[{"name":"wp","href":"https:\/\/api.w.org\/{rel}","templated":true}]}}