{"id":24011,"date":"2022-01-07T16:04:28","date_gmt":"2022-01-07T16:04:28","guid":{"rendered":"https:\/\/blogdorogeriogomes.com.br\/?p=24011"},"modified":"2022-01-07T19:15:59","modified_gmt":"2022-01-07T19:15:59","slug":"bolsonaro-veta-projeto-de-renegociacao-de-dividas-para-micro-e-pequenas-empresas","status":"publish","type":"post","link":"https:\/\/blogdorogeriogomes.com.br\/noticias\/2022\/01\/bolsonaro-veta-projeto-de-renegociacao-de-dividas-para-micro-e-pequenas-empresas\/","title":{"rendered":"Bolsonaro veta projeto de renegocia\u00e7\u00e3o de d\u00edvidas para micro e pequenas empresas"},"content":{"rendered":"\n<p>O presidente&nbsp;Jair Bolsonaro&nbsp;vetou, nesta sexta-feira, dia 7 de janeiro, integralmente, o projeto que previa a cria\u00e7\u00e3o de um programa de renegocia\u00e7\u00e3o de d\u00edvidas para microempreendedores individuais (MEIs), microempresas e empresas de pequeno porte enquadrados no Simples Nacional. O projeto beneficiaria cerca de 16 milh\u00f5es de empresas que, juntas, poderiam renegociar uma d\u00edvida de R$ 50 bilh\u00f5es.<\/p>\n\n\n\n<p>A C\u00e2mara dos Deputados aprovou o projeto em dezembro passado. Vetos de presidente s\u00e3o analisados pelo Congresso Nacional, que tem o poder de derrub\u00e1-los. Se isso acontecer, o projeto vira lei.<\/p>\n\n\n\n<figure class=\"wp-block-image size-large\"><img loading=\"lazy\" decoding=\"async\" width=\"701\" height=\"438\" src=\"https:\/\/blogdorogeriogomes.com.br\/wp-content\/uploads\/2022\/01\/images-7.jpeg\" alt=\"\" class=\"wp-image-24012\" srcset=\"https:\/\/blogdorogeriogomes.com.br\/noticias\/wp-content\/uploads\/2022\/01\/images-7.jpeg 701w, https:\/\/blogdorogeriogomes.com.br\/noticias\/wp-content\/uploads\/2022\/01\/images-7-300x187.jpeg 300w\" sizes=\"auto, (max-width: 701px) 100vw, 701px\" \/><\/figure>\n","protected":false},"excerpt":{"rendered":"<p>O presidente&nbsp;Jair Bolsonaro&nbsp;vetou, nesta sexta-feira, dia 7 de janeiro, integralmente, o projeto que previa a cria\u00e7\u00e3o de um programa de renegocia\u00e7\u00e3o de d\u00edvidas para microempreendedores individuais (MEIs), microempresas e empresas de pequeno porte enquadrados no Simples Nacional. O projeto beneficiaria cerca de 16 milh\u00f5es de empresas que, juntas, poderiam renegociar uma d\u00edvida de R$ 50 bilh\u00f5es. A C\u00e2mara dos Deputados aprovou o projeto em dezembro passado. Vetos de presidente s\u00e3o analisados pelo Congresso Nacional, que tem o poder de&hellip;<\/p>\n","protected":false},"author":1,"featured_media":24012,"comment_status":"open","ping_status":"open","sticky":false,"template":"","format":"standard","meta":{"footnotes":""},"categories":[1],"tags":[],"class_list":["post-24011","post","type-post","status-publish","format-standard","has-post-thumbnail","hentry","category-noticias"],"_links":{"self":[{"href":"https:\/\/blogdorogeriogomes.com.br\/noticias\/wp-json\/wp\/v2\/posts\/24011","targetHints":{"allow":["GET"]}}],"collection":[{"href":"https:\/\/blogdorogeriogomes.com.br\/noticias\/wp-json\/wp\/v2\/posts"}],"about":[{"href":"https:\/\/blogdorogeriogomes.com.br\/noticias\/wp-json\/wp\/v2\/types\/post"}],"author":[{"embeddable":true,"href":"https:\/\/blogdorogeriogomes.com.br\/noticias\/wp-json\/wp\/v2\/users\/1"}],"replies":[{"embeddable":true,"href":"https:\/\/blogdorogeriogomes.com.br\/noticias\/wp-json\/wp\/v2\/comments?post=24011"}],"version-history":[{"count":2,"href":"https:\/\/blogdorogeriogomes.com.br\/noticias\/wp-json\/wp\/v2\/posts\/24011\/revisions"}],"predecessor-version":[{"id":24015,"href":"https:\/\/blogdorogeriogomes.com.br\/noticias\/wp-json\/wp\/v2\/posts\/24011\/revisions\/24015"}],"wp:featuredmedia":[{"embeddable":true,"href":"https:\/\/blogdorogeriogomes.com.br\/noticias\/wp-json\/wp\/v2\/media\/24012"}],"wp:attachment":[{"href":"https:\/\/blogdorogeriogomes.com.br\/noticias\/wp-json\/wp\/v2\/media?parent=24011"}],"wp:term":[{"taxonomy":"category","embeddable":true,"href":"https:\/\/blogdorogeriogomes.com.br\/noticias\/wp-json\/wp\/v2\/categories?post=24011"},{"taxonomy":"post_tag","embeddable":true,"href":"https:\/\/blogdorogeriogomes.com.br\/noticias\/wp-json\/wp\/v2\/tags?post=24011"}],"curies":[{"name":"wp","href":"https:\/\/api.w.org\/{rel}","templated":true}]}}