{"id":24019,"date":"2022-01-10T12:08:56","date_gmt":"2022-01-10T12:08:56","guid":{"rendered":"https:\/\/blogdorogeriogomes.com.br\/?p=24019"},"modified":"2022-01-10T12:23:04","modified_gmt":"2022-01-10T12:23:04","slug":"reforma-ministerial-abre-o-apetite-do-centrao-por-mais-cargos-no-governo-bolsonaro","status":"publish","type":"post","link":"https:\/\/blogdorogeriogomes.com.br\/noticias\/2022\/01\/reforma-ministerial-abre-o-apetite-do-centrao-por-mais-cargos-no-governo-bolsonaro\/","title":{"rendered":"Reforma ministerial abre o apetite do Centr\u00e3o por mais cargos no Governo Bolsonaro"},"content":{"rendered":"\n<p>At\u00e9 o m\u00eas de abril, a expectativa no Governo Bolsonaro \u00e9 que pelo menos 12 dos 23 ministros deixem os seus cargos para concorrer nas elei\u00e7\u00f5es de 2022. Assim, o presidente Jair Bolsonaro j\u00e1 come\u00e7a a tra\u00e7ar uma reforma ministerial. O chamado Centr\u00e3o, que garante a maioria a Bolsonaro no Congresso Nacional, est\u00e1 de olho em mais cargos. <\/p>\n\n\n\n<p>Sa\u00fade, Infraestrutura e Desenvolvimento Regional s\u00e3o considerados estrat\u00e9gicos e Bolsonaro quer manter o Centr\u00e3o afastado deles. &nbsp;O presidente avalia esses minist\u00e9rios como sens\u00edveis pelo volume de or\u00e7amento, em especial destinados por emendas parlamentares e pela import\u00e2ncia em ano eleitoral.<\/p>\n\n\n\n<p>Os minist\u00e9rios da Infraestrutura e do Desenvolvimento Regional s\u00e3o cobi\u00e7ados por integrantes do Centr\u00e3o por realizarem as principais obras do Governo Federal nos estados.<\/p>\n\n\n\n<figure class=\"wp-block-image size-large\"><img loading=\"lazy\" decoding=\"async\" width=\"1024\" height=\"492\" src=\"https:\/\/blogdorogeriogomes.com.br\/wp-content\/uploads\/2022\/01\/20211007151040_3a62661d-f74a-4166-afd8-72c9b977e1cc-1024x492.png\" alt=\"\" class=\"wp-image-24020\" srcset=\"https:\/\/blogdorogeriogomes.com.br\/noticias\/wp-content\/uploads\/2022\/01\/20211007151040_3a62661d-f74a-4166-afd8-72c9b977e1cc-1024x492.png 1024w, https:\/\/blogdorogeriogomes.com.br\/noticias\/wp-content\/uploads\/2022\/01\/20211007151040_3a62661d-f74a-4166-afd8-72c9b977e1cc-300x144.png 300w, https:\/\/blogdorogeriogomes.com.br\/noticias\/wp-content\/uploads\/2022\/01\/20211007151040_3a62661d-f74a-4166-afd8-72c9b977e1cc-768x369.png 768w, https:\/\/blogdorogeriogomes.com.br\/noticias\/wp-content\/uploads\/2022\/01\/20211007151040_3a62661d-f74a-4166-afd8-72c9b977e1cc-800x384.png 800w, https:\/\/blogdorogeriogomes.com.br\/noticias\/wp-content\/uploads\/2022\/01\/20211007151040_3a62661d-f74a-4166-afd8-72c9b977e1cc.png 1250w\" sizes=\"auto, (max-width: 1024px) 100vw, 1024px\" \/><\/figure>\n","protected":false},"excerpt":{"rendered":"<p>At\u00e9 o m\u00eas de abril, a expectativa no Governo Bolsonaro \u00e9 que pelo menos 12 dos 23 ministros deixem os seus cargos para concorrer nas elei\u00e7\u00f5es de 2022. Assim, o presidente Jair Bolsonaro j\u00e1 come\u00e7a a tra\u00e7ar uma reforma ministerial. O chamado Centr\u00e3o, que garante a maioria a Bolsonaro no Congresso Nacional, est\u00e1 de olho em mais cargos. Sa\u00fade, Infraestrutura e Desenvolvimento Regional s\u00e3o considerados estrat\u00e9gicos e Bolsonaro quer manter o Centr\u00e3o afastado deles. &nbsp;O presidente avalia esses minist\u00e9rios&hellip;<\/p>\n","protected":false},"author":1,"featured_media":24020,"comment_status":"open","ping_status":"open","sticky":false,"template":"","format":"standard","meta":{"footnotes":""},"categories":[1],"tags":[],"class_list":["post-24019","post","type-post","status-publish","format-standard","has-post-thumbnail","hentry","category-noticias"],"_links":{"self":[{"href":"https:\/\/blogdorogeriogomes.com.br\/noticias\/wp-json\/wp\/v2\/posts\/24019","targetHints":{"allow":["GET"]}}],"collection":[{"href":"https:\/\/blogdorogeriogomes.com.br\/noticias\/wp-json\/wp\/v2\/posts"}],"about":[{"href":"https:\/\/blogdorogeriogomes.com.br\/noticias\/wp-json\/wp\/v2\/types\/post"}],"author":[{"embeddable":true,"href":"https:\/\/blogdorogeriogomes.com.br\/noticias\/wp-json\/wp\/v2\/users\/1"}],"replies":[{"embeddable":true,"href":"https:\/\/blogdorogeriogomes.com.br\/noticias\/wp-json\/wp\/v2\/comments?post=24019"}],"version-history":[{"count":2,"href":"https:\/\/blogdorogeriogomes.com.br\/noticias\/wp-json\/wp\/v2\/posts\/24019\/revisions"}],"predecessor-version":[{"id":24022,"href":"https:\/\/blogdorogeriogomes.com.br\/noticias\/wp-json\/wp\/v2\/posts\/24019\/revisions\/24022"}],"wp:featuredmedia":[{"embeddable":true,"href":"https:\/\/blogdorogeriogomes.com.br\/noticias\/wp-json\/wp\/v2\/media\/24020"}],"wp:attachment":[{"href":"https:\/\/blogdorogeriogomes.com.br\/noticias\/wp-json\/wp\/v2\/media?parent=24019"}],"wp:term":[{"taxonomy":"category","embeddable":true,"href":"https:\/\/blogdorogeriogomes.com.br\/noticias\/wp-json\/wp\/v2\/categories?post=24019"},{"taxonomy":"post_tag","embeddable":true,"href":"https:\/\/blogdorogeriogomes.com.br\/noticias\/wp-json\/wp\/v2\/tags?post=24019"}],"curies":[{"name":"wp","href":"https:\/\/api.w.org\/{rel}","templated":true}]}}