{"id":24026,"date":"2022-01-10T21:18:10","date_gmt":"2022-01-10T21:18:10","guid":{"rendered":"https:\/\/blogdorogeriogomes.com.br\/?p=24026"},"modified":"2022-01-10T21:22:39","modified_gmt":"2022-01-10T21:22:39","slug":"sesa-estima-comecar-a-vacinacao-de-criancas-no-ceara-ate-o-inicio-da-proxima-semana","status":"publish","type":"post","link":"https:\/\/blogdorogeriogomes.com.br\/noticias\/2022\/01\/sesa-estima-comecar-a-vacinacao-de-criancas-no-ceara-ate-o-inicio-da-proxima-semana\/","title":{"rendered":"Sesa estima come\u00e7ar a vacina\u00e7\u00e3o de crian\u00e7as no Cear\u00e1 at\u00e9 o in\u00edcio da pr\u00f3xima semana"},"content":{"rendered":"\n<p>O secret\u00e1rio de Sa\u00fade do Cear\u00e1, Marcos Gadelha, estima come\u00e7ar a vacina\u00e7\u00e3o de crian\u00e7as entre 5 e 11 anos de idade contra a Covid-19 at\u00e9 o in\u00edcio da pr\u00f3xima semana, quando est\u00e1 prevista a chegada das primeiras doses do imunizante pedi\u00e1trico da Pfizer. A vacina\u00e7\u00e3o contra Covid-19 em todas as crian\u00e7as com idades entre 5 e 11 anos n\u00e3o vai exigir receita m\u00e9dica, mas \u00e9 necess\u00e1rio que a crian\u00e7a esteja cadastrada na plataforma Sa\u00fade Digital.<\/p>\n\n\n\n<p>O primeiro lote a ser enviado pelo Minist\u00e9rio da Sa\u00fade ao Cear\u00e1 deve ter em torno de 3.500 doses da vacina da Pfizer. &nbsp;A vacina\u00e7\u00e3o seguir\u00e1 as faixas et\u00e1rias por ordem decrescente. As crian\u00e7as, acompanhadas por pais ou respons\u00e1veis, devem apresentar um documento de identifica\u00e7\u00e3o oficial. <\/p>\n\n\n\n<p>A vacina pedi\u00e1trica ser\u00e1 aplicada com pelo menos oito semanas de intervalo entre a primeira e a segunda dose.&nbsp;<\/p>\n\n\n\n<figure class=\"wp-block-image size-large\"><img loading=\"lazy\" decoding=\"async\" width=\"678\" height=\"452\" src=\"https:\/\/blogdorogeriogomes.com.br\/wp-content\/uploads\/2022\/01\/images-1.jpeg\" alt=\"\" class=\"wp-image-24027\" srcset=\"https:\/\/blogdorogeriogomes.com.br\/noticias\/wp-content\/uploads\/2022\/01\/images-1.jpeg 678w, https:\/\/blogdorogeriogomes.com.br\/noticias\/wp-content\/uploads\/2022\/01\/images-1-300x200.jpeg 300w\" sizes=\"auto, (max-width: 678px) 100vw, 678px\" \/><\/figure>\n","protected":false},"excerpt":{"rendered":"<p>O secret\u00e1rio de Sa\u00fade do Cear\u00e1, Marcos Gadelha, estima come\u00e7ar a vacina\u00e7\u00e3o de crian\u00e7as entre 5 e 11 anos de idade contra a Covid-19 at\u00e9 o in\u00edcio da pr\u00f3xima semana, quando est\u00e1 prevista a chegada das primeiras doses do imunizante pedi\u00e1trico da Pfizer. A vacina\u00e7\u00e3o contra Covid-19 em todas as crian\u00e7as com idades entre 5 e 11 anos n\u00e3o vai exigir receita m\u00e9dica, mas \u00e9 necess\u00e1rio que a crian\u00e7a esteja cadastrada na plataforma Sa\u00fade Digital. O primeiro lote a&hellip;<\/p>\n","protected":false},"author":1,"featured_media":24027,"comment_status":"open","ping_status":"open","sticky":false,"template":"","format":"standard","meta":{"footnotes":""},"categories":[1],"tags":[],"class_list":["post-24026","post","type-post","status-publish","format-standard","has-post-thumbnail","hentry","category-noticias"],"_links":{"self":[{"href":"https:\/\/blogdorogeriogomes.com.br\/noticias\/wp-json\/wp\/v2\/posts\/24026","targetHints":{"allow":["GET"]}}],"collection":[{"href":"https:\/\/blogdorogeriogomes.com.br\/noticias\/wp-json\/wp\/v2\/posts"}],"about":[{"href":"https:\/\/blogdorogeriogomes.com.br\/noticias\/wp-json\/wp\/v2\/types\/post"}],"author":[{"embeddable":true,"href":"https:\/\/blogdorogeriogomes.com.br\/noticias\/wp-json\/wp\/v2\/users\/1"}],"replies":[{"embeddable":true,"href":"https:\/\/blogdorogeriogomes.com.br\/noticias\/wp-json\/wp\/v2\/comments?post=24026"}],"version-history":[{"count":2,"href":"https:\/\/blogdorogeriogomes.com.br\/noticias\/wp-json\/wp\/v2\/posts\/24026\/revisions"}],"predecessor-version":[{"id":24029,"href":"https:\/\/blogdorogeriogomes.com.br\/noticias\/wp-json\/wp\/v2\/posts\/24026\/revisions\/24029"}],"wp:featuredmedia":[{"embeddable":true,"href":"https:\/\/blogdorogeriogomes.com.br\/noticias\/wp-json\/wp\/v2\/media\/24027"}],"wp:attachment":[{"href":"https:\/\/blogdorogeriogomes.com.br\/noticias\/wp-json\/wp\/v2\/media?parent=24026"}],"wp:term":[{"taxonomy":"category","embeddable":true,"href":"https:\/\/blogdorogeriogomes.com.br\/noticias\/wp-json\/wp\/v2\/categories?post=24026"},{"taxonomy":"post_tag","embeddable":true,"href":"https:\/\/blogdorogeriogomes.com.br\/noticias\/wp-json\/wp\/v2\/tags?post=24026"}],"curies":[{"name":"wp","href":"https:\/\/api.w.org\/{rel}","templated":true}]}}