{"id":24030,"date":"2022-01-11T10:35:50","date_gmt":"2022-01-11T10:35:50","guid":{"rendered":"https:\/\/blogdorogeriogomes.com.br\/?p=24030"},"modified":"2022-01-11T13:05:17","modified_gmt":"2022-01-11T13:05:17","slug":"chuvas-retornam-com-intensidade-em-todo-o-estado-nesta-terca-feira","status":"publish","type":"post","link":"https:\/\/blogdorogeriogomes.com.br\/noticias\/2022\/01\/chuvas-retornam-com-intensidade-em-todo-o-estado-nesta-terca-feira\/","title":{"rendered":"Chuvas retornam com intensidade em todo o Estado nesta ter\u00e7a-feira"},"content":{"rendered":"\n<p>Fortaleza e outros munic\u00edpios cearenses amanheceram com chuva forte nesta ter\u00e7a-feira, dia 11 de janeiro. A Capital tem v\u00e1rias ruas e avenidas com pontos de alagamento. Segundo a Funceme, h\u00e1 registro de precipita\u00e7\u00f5es em todas as regi\u00f5es do Estado, mas com maior intensidade no Litoral do Pec\u00e9m, Litoral de Fortaleza, Maci\u00e7o do Baturit\u00e9 e na regi\u00e3o Jaguaribana.<\/p>\n\n\n\n<p>Ap\u00f3s um fim de semana com sol, a expectativa \u00e9 de chuvas e tempo nublado at\u00e9 esta quarta-feira, dia 12. O tempo deve ser marcado pela predomin\u00e2ncia de c\u00e9u variando de nublado a parcialmente nublado.&nbsp;<\/p>\n\n\n\n<figure class=\"wp-block-image size-large\"><img loading=\"lazy\" decoding=\"async\" width=\"675\" height=\"379\" src=\"https:\/\/blogdorogeriogomes.com.br\/wp-content\/uploads\/2022\/01\/images-2.jpeg\" alt=\"\" class=\"wp-image-24031\" srcset=\"https:\/\/blogdorogeriogomes.com.br\/noticias\/wp-content\/uploads\/2022\/01\/images-2.jpeg 675w, https:\/\/blogdorogeriogomes.com.br\/noticias\/wp-content\/uploads\/2022\/01\/images-2-300x168.jpeg 300w\" sizes=\"auto, (max-width: 675px) 100vw, 675px\" \/><\/figure>\n","protected":false},"excerpt":{"rendered":"<p>Fortaleza e outros munic\u00edpios cearenses amanheceram com chuva forte nesta ter\u00e7a-feira, dia 11 de janeiro. A Capital tem v\u00e1rias ruas e avenidas com pontos de alagamento. Segundo a Funceme, h\u00e1 registro de precipita\u00e7\u00f5es em todas as regi\u00f5es do Estado, mas com maior intensidade no Litoral do Pec\u00e9m, Litoral de Fortaleza, Maci\u00e7o do Baturit\u00e9 e na regi\u00e3o Jaguaribana. Ap\u00f3s um fim de semana com sol, a expectativa \u00e9 de chuvas e tempo nublado at\u00e9 esta quarta-feira, dia 12. O tempo&hellip;<\/p>\n","protected":false},"author":1,"featured_media":24031,"comment_status":"open","ping_status":"open","sticky":false,"template":"","format":"standard","meta":{"footnotes":""},"categories":[1],"tags":[],"class_list":["post-24030","post","type-post","status-publish","format-standard","has-post-thumbnail","hentry","category-noticias"],"_links":{"self":[{"href":"https:\/\/blogdorogeriogomes.com.br\/noticias\/wp-json\/wp\/v2\/posts\/24030","targetHints":{"allow":["GET"]}}],"collection":[{"href":"https:\/\/blogdorogeriogomes.com.br\/noticias\/wp-json\/wp\/v2\/posts"}],"about":[{"href":"https:\/\/blogdorogeriogomes.com.br\/noticias\/wp-json\/wp\/v2\/types\/post"}],"author":[{"embeddable":true,"href":"https:\/\/blogdorogeriogomes.com.br\/noticias\/wp-json\/wp\/v2\/users\/1"}],"replies":[{"embeddable":true,"href":"https:\/\/blogdorogeriogomes.com.br\/noticias\/wp-json\/wp\/v2\/comments?post=24030"}],"version-history":[{"count":2,"href":"https:\/\/blogdorogeriogomes.com.br\/noticias\/wp-json\/wp\/v2\/posts\/24030\/revisions"}],"predecessor-version":[{"id":24038,"href":"https:\/\/blogdorogeriogomes.com.br\/noticias\/wp-json\/wp\/v2\/posts\/24030\/revisions\/24038"}],"wp:featuredmedia":[{"embeddable":true,"href":"https:\/\/blogdorogeriogomes.com.br\/noticias\/wp-json\/wp\/v2\/media\/24031"}],"wp:attachment":[{"href":"https:\/\/blogdorogeriogomes.com.br\/noticias\/wp-json\/wp\/v2\/media?parent=24030"}],"wp:term":[{"taxonomy":"category","embeddable":true,"href":"https:\/\/blogdorogeriogomes.com.br\/noticias\/wp-json\/wp\/v2\/categories?post=24030"},{"taxonomy":"post_tag","embeddable":true,"href":"https:\/\/blogdorogeriogomes.com.br\/noticias\/wp-json\/wp\/v2\/tags?post=24030"}],"curies":[{"name":"wp","href":"https:\/\/api.w.org\/{rel}","templated":true}]}}