{"id":24033,"date":"2022-01-11T10:58:56","date_gmt":"2022-01-11T10:58:56","guid":{"rendered":"https:\/\/blogdorogeriogomes.com.br\/?p=24033"},"modified":"2022-01-11T13:05:09","modified_gmt":"2022-01-11T13:05:09","slug":"bolsonaro-critica-camilo-santana-por-acoes-contra-a-pandemia-e-exalta-o-proprio-negacionismo","status":"publish","type":"post","link":"https:\/\/blogdorogeriogomes.com.br\/noticias\/2022\/01\/bolsonaro-critica-camilo-santana-por-acoes-contra-a-pandemia-e-exalta-o-proprio-negacionismo\/","title":{"rendered":"Bolsonaro critica Camilo Santana por a\u00e7\u00f5es contra a pandemia e exalta o pr\u00f3prio negacionismo"},"content":{"rendered":"\n<p>O presidente Jair Bolsonaro resolveu criticar  governadores do PT, entre eles, Camilo Santana, do Cear\u00e1, pelas a\u00e7\u00f5es de enfrentamento \u00e0 Covid-19. &#8220;O que os governadores petistas fizeram nos seus estados foi algo de assombrar, como na Bahia e em outros estados de esquerda tamb\u00e9m, como Cear\u00e1&#8221;, disse Bolsonaro.<\/p>\n\n\n\n<p>Negacionista da Ci\u00eancia e da pr\u00f3pria gravidade da pandemia, Jair Bolsonaro estimula os seguidores a n\u00e3o se vacinarem. Agora, retarda de todas as formas a imuniza\u00e7\u00e3o do p\u00fablico infantil. Afinal, quem realmente atua para combater o coronav\u00edrus, o presidente ou os governadores? A Bolsonaro, resta s\u00f3 a falta de empatia com a dor de quem j\u00e1 perdeu familiares e amigos para a doen\u00e7a.<\/p>\n\n\n\n<p>O prefeito de Fortaleza, Jos\u00e9 Sarto (PDT), saiu em defesa do aliado Camilo Santana (PT). &#8220;De assombrar \u00e9 estimular o uso de medicamentos sem comprova\u00e7\u00e3o cient\u00edfica, ir contra o uso de m\u00e1scara, provocar aglomera\u00e7\u00f5es no auge da pandemia, boicotar e atrasar aquisi\u00e7\u00e3o de vacinas, aproveitar todas as oportunidades para desencorajar a popula\u00e7\u00e3o a se imunizar contra a Covid&#8221;, rebateu Sarto.<\/p>\n\n\n\n<p>Gestor p\u00fablico que tem seriedade e compromisso com a sa\u00fade da popula\u00e7\u00e3o tem de estar preocupado \u00e9 dia e noite para vacinar a popula\u00e7\u00e3o, assegurar testes, leitos para pacientes e a\u00e7\u00f5es de prote\u00e7\u00e3o social.&nbsp;O que passa bem longe das prioridades do Presidente da Rep\u00fablica.<\/p>\n\n\n\n<figure class=\"wp-block-image size-large\"><img loading=\"lazy\" decoding=\"async\" width=\"600\" height=\"401\" src=\"https:\/\/blogdorogeriogomes.com.br\/wp-content\/uploads\/2022\/01\/images-3.jpeg\" alt=\"\" class=\"wp-image-24034\" srcset=\"https:\/\/blogdorogeriogomes.com.br\/noticias\/wp-content\/uploads\/2022\/01\/images-3.jpeg 600w, https:\/\/blogdorogeriogomes.com.br\/noticias\/wp-content\/uploads\/2022\/01\/images-3-300x201.jpeg 300w\" sizes=\"auto, (max-width: 600px) 100vw, 600px\" \/><\/figure>\n\n\n","protected":false},"excerpt":{"rendered":"<p>O presidente Jair Bolsonaro resolveu criticar governadores do PT, entre eles, Camilo Santana, do Cear\u00e1, pelas a\u00e7\u00f5es de enfrentamento \u00e0 Covid-19. &#8220;O que os governadores petistas fizeram nos seus estados foi algo de assombrar, como na Bahia e em outros estados de esquerda tamb\u00e9m, como Cear\u00e1&#8221;, disse Bolsonaro. Negacionista da Ci\u00eancia e da pr\u00f3pria gravidade da pandemia, Jair Bolsonaro estimula os seguidores a n\u00e3o se vacinarem. Agora, retarda de todas as formas a imuniza\u00e7\u00e3o do p\u00fablico infantil. Afinal, quem&hellip;<\/p>\n","protected":false},"author":1,"featured_media":24034,"comment_status":"open","ping_status":"open","sticky":false,"template":"","format":"standard","meta":{"footnotes":""},"categories":[1],"tags":[],"class_list":["post-24033","post","type-post","status-publish","format-standard","has-post-thumbnail","hentry","category-noticias"],"_links":{"self":[{"href":"https:\/\/blogdorogeriogomes.com.br\/noticias\/wp-json\/wp\/v2\/posts\/24033","targetHints":{"allow":["GET"]}}],"collection":[{"href":"https:\/\/blogdorogeriogomes.com.br\/noticias\/wp-json\/wp\/v2\/posts"}],"about":[{"href":"https:\/\/blogdorogeriogomes.com.br\/noticias\/wp-json\/wp\/v2\/types\/post"}],"author":[{"embeddable":true,"href":"https:\/\/blogdorogeriogomes.com.br\/noticias\/wp-json\/wp\/v2\/users\/1"}],"replies":[{"embeddable":true,"href":"https:\/\/blogdorogeriogomes.com.br\/noticias\/wp-json\/wp\/v2\/comments?post=24033"}],"version-history":[{"count":2,"href":"https:\/\/blogdorogeriogomes.com.br\/noticias\/wp-json\/wp\/v2\/posts\/24033\/revisions"}],"predecessor-version":[{"id":24037,"href":"https:\/\/blogdorogeriogomes.com.br\/noticias\/wp-json\/wp\/v2\/posts\/24033\/revisions\/24037"}],"wp:featuredmedia":[{"embeddable":true,"href":"https:\/\/blogdorogeriogomes.com.br\/noticias\/wp-json\/wp\/v2\/media\/24034"}],"wp:attachment":[{"href":"https:\/\/blogdorogeriogomes.com.br\/noticias\/wp-json\/wp\/v2\/media?parent=24033"}],"wp:term":[{"taxonomy":"category","embeddable":true,"href":"https:\/\/blogdorogeriogomes.com.br\/noticias\/wp-json\/wp\/v2\/categories?post=24033"},{"taxonomy":"post_tag","embeddable":true,"href":"https:\/\/blogdorogeriogomes.com.br\/noticias\/wp-json\/wp\/v2\/tags?post=24033"}],"curies":[{"name":"wp","href":"https:\/\/api.w.org\/{rel}","templated":true}]}}