{"id":24048,"date":"2022-01-12T11:10:57","date_gmt":"2022-01-12T11:10:57","guid":{"rendered":"https:\/\/blogdorogeriogomes.com.br\/?p=24048"},"modified":"2022-01-12T12:42:57","modified_gmt":"2022-01-12T12:42:57","slug":"alta-de-casos-de-covid-e-influenza-causa-fechamento-de-agencias-bancarias-em-fortaleza","status":"publish","type":"post","link":"https:\/\/blogdorogeriogomes.com.br\/noticias\/2022\/01\/alta-de-casos-de-covid-e-influenza-causa-fechamento-de-agencias-bancarias-em-fortaleza\/","title":{"rendered":"Alta de casos de Covid e Influenza causa fechamento de ag\u00eancias banc\u00e1rias em Fortaleza"},"content":{"rendered":"\n<p>O aumento de casos de Covid-19 e da gripe Influenza tem provocado muitas faltas de funcion\u00e1rios no servi\u00e7o p\u00fablico e tamb\u00e9m em empresas privadas. As ag\u00eancias banc\u00e1rias n\u00e3o ficam de fora. Segundo estimativa do Sindicato dos Banc\u00e1rios do Cear\u00e1, pelo menos 20 ag\u00eancias est\u00e3o sem funcionar devido ao elevado n\u00famero de funcion\u00e1rios com sintomas gripais e que est\u00e3o em isolamento.<\/p>\n\n\n\n<p>Cresce tamb\u00e9m a expectativa quanto ao retorno das aulas presenciais na rede p\u00fablica estadual e municipal. No Estado, o retorno est\u00e1 previsto para 31 de janeiro e nas escolas municipais de Fortaleza em 1\u00b0 de fevereiro. Ser\u00e1 cobrado passaporte de vacina\u00e7\u00e3o dos alunos.<\/p>\n\n\n\n<figure class=\"wp-block-image size-large\"><img loading=\"lazy\" decoding=\"async\" width=\"679\" height=\"451\" src=\"https:\/\/blogdorogeriogomes.com.br\/wp-content\/uploads\/2022\/01\/images-5-1.jpeg\" alt=\"\" class=\"wp-image-24049\" srcset=\"https:\/\/blogdorogeriogomes.com.br\/noticias\/wp-content\/uploads\/2022\/01\/images-5-1.jpeg 679w, https:\/\/blogdorogeriogomes.com.br\/noticias\/wp-content\/uploads\/2022\/01\/images-5-1-300x199.jpeg 300w\" sizes=\"auto, (max-width: 679px) 100vw, 679px\" \/><\/figure>\n","protected":false},"excerpt":{"rendered":"<p>O aumento de casos de Covid-19 e da gripe Influenza tem provocado muitas faltas de funcion\u00e1rios no servi\u00e7o p\u00fablico e tamb\u00e9m em empresas privadas. As ag\u00eancias banc\u00e1rias n\u00e3o ficam de fora. Segundo estimativa do Sindicato dos Banc\u00e1rios do Cear\u00e1, pelo menos 20 ag\u00eancias est\u00e3o sem funcionar devido ao elevado n\u00famero de funcion\u00e1rios com sintomas gripais e que est\u00e3o em isolamento. Cresce tamb\u00e9m a expectativa quanto ao retorno das aulas presenciais na rede p\u00fablica estadual e municipal. No Estado, o&hellip;<\/p>\n","protected":false},"author":1,"featured_media":24049,"comment_status":"open","ping_status":"open","sticky":false,"template":"","format":"standard","meta":{"footnotes":""},"categories":[1],"tags":[],"class_list":["post-24048","post","type-post","status-publish","format-standard","has-post-thumbnail","hentry","category-noticias"],"_links":{"self":[{"href":"https:\/\/blogdorogeriogomes.com.br\/noticias\/wp-json\/wp\/v2\/posts\/24048","targetHints":{"allow":["GET"]}}],"collection":[{"href":"https:\/\/blogdorogeriogomes.com.br\/noticias\/wp-json\/wp\/v2\/posts"}],"about":[{"href":"https:\/\/blogdorogeriogomes.com.br\/noticias\/wp-json\/wp\/v2\/types\/post"}],"author":[{"embeddable":true,"href":"https:\/\/blogdorogeriogomes.com.br\/noticias\/wp-json\/wp\/v2\/users\/1"}],"replies":[{"embeddable":true,"href":"https:\/\/blogdorogeriogomes.com.br\/noticias\/wp-json\/wp\/v2\/comments?post=24048"}],"version-history":[{"count":1,"href":"https:\/\/blogdorogeriogomes.com.br\/noticias\/wp-json\/wp\/v2\/posts\/24048\/revisions"}],"predecessor-version":[{"id":24050,"href":"https:\/\/blogdorogeriogomes.com.br\/noticias\/wp-json\/wp\/v2\/posts\/24048\/revisions\/24050"}],"wp:featuredmedia":[{"embeddable":true,"href":"https:\/\/blogdorogeriogomes.com.br\/noticias\/wp-json\/wp\/v2\/media\/24049"}],"wp:attachment":[{"href":"https:\/\/blogdorogeriogomes.com.br\/noticias\/wp-json\/wp\/v2\/media?parent=24048"}],"wp:term":[{"taxonomy":"category","embeddable":true,"href":"https:\/\/blogdorogeriogomes.com.br\/noticias\/wp-json\/wp\/v2\/categories?post=24048"},{"taxonomy":"post_tag","embeddable":true,"href":"https:\/\/blogdorogeriogomes.com.br\/noticias\/wp-json\/wp\/v2\/tags?post=24048"}],"curies":[{"name":"wp","href":"https:\/\/api.w.org\/{rel}","templated":true}]}}