{"id":24062,"date":"2022-01-12T22:17:07","date_gmt":"2022-01-12T22:17:07","guid":{"rendered":"https:\/\/blogdorogeriogomes.com.br\/?p=24062"},"modified":"2022-01-13T12:26:18","modified_gmt":"2022-01-13T12:26:18","slug":"primeiro-lote-de-vacinas-contra-a-covid-19-para-criancas-chega-ao-ceara-nesta-sexta-feira","status":"publish","type":"post","link":"https:\/\/blogdorogeriogomes.com.br\/noticias\/2022\/01\/primeiro-lote-de-vacinas-contra-a-covid-19-para-criancas-chega-ao-ceara-nesta-sexta-feira\/","title":{"rendered":"Primeiro lote de vacinas contra a Covid-19 para crian\u00e7as chega ao Cear\u00e1 nesta sexta-feira"},"content":{"rendered":"\n<p>O governador Camilo Santana confirmou que o primeiro lote de vacinas destinadas \u00e0 imuniza\u00e7\u00e3o de&nbsp;crian\u00e7as de 5 a 11 anos contra a Covid-19 chega ao Cear\u00e1 nesta sexta-feira, dia 14 de janeiro. Ser\u00e3o&nbsp;55.100 doses&nbsp;do imunizante pedi\u00e1trico fabricado pela Pfizer.<\/p>\n\n\n\n<p>A Secretaria de Sa\u00fade do Cear\u00e1 ressalta a import\u00e2ncia de pais e respons\u00e1veis em realizar o cadastro das crian\u00e7as na&nbsp;plataforma Sa\u00fade Digital para ter acesso ao imunizante. At\u00e9 o momento, o Cear\u00e1 tem&nbsp;cerca de 170 mil cadastrados nessa faixa et\u00e1ria, de um total de 904 mil em todo o Estado.<\/p>\n\n\n\n<figure class=\"wp-block-image size-large\"><img loading=\"lazy\" decoding=\"async\" width=\"716\" height=\"428\" src=\"https:\/\/blogdorogeriogomes.com.br\/wp-content\/uploads\/2022\/01\/images-7-1.jpeg\" alt=\"\" class=\"wp-image-24063\" srcset=\"https:\/\/blogdorogeriogomes.com.br\/noticias\/wp-content\/uploads\/2022\/01\/images-7-1.jpeg 716w, https:\/\/blogdorogeriogomes.com.br\/noticias\/wp-content\/uploads\/2022\/01\/images-7-1-300x179.jpeg 300w\" sizes=\"auto, (max-width: 716px) 100vw, 716px\" \/><\/figure>\n","protected":false},"excerpt":{"rendered":"<p>O governador Camilo Santana confirmou que o primeiro lote de vacinas destinadas \u00e0 imuniza\u00e7\u00e3o de&nbsp;crian\u00e7as de 5 a 11 anos contra a Covid-19 chega ao Cear\u00e1 nesta sexta-feira, dia 14 de janeiro. Ser\u00e3o&nbsp;55.100 doses&nbsp;do imunizante pedi\u00e1trico fabricado pela Pfizer. A Secretaria de Sa\u00fade do Cear\u00e1 ressalta a import\u00e2ncia de pais e respons\u00e1veis em realizar o cadastro das crian\u00e7as na&nbsp;plataforma Sa\u00fade Digital para ter acesso ao imunizante. At\u00e9 o momento, o Cear\u00e1 tem&nbsp;cerca de 170 mil cadastrados nessa faixa et\u00e1ria,&hellip;<\/p>\n","protected":false},"author":1,"featured_media":24063,"comment_status":"open","ping_status":"open","sticky":false,"template":"","format":"standard","meta":{"footnotes":""},"categories":[1],"tags":[],"class_list":["post-24062","post","type-post","status-publish","format-standard","has-post-thumbnail","hentry","category-noticias"],"_links":{"self":[{"href":"https:\/\/blogdorogeriogomes.com.br\/noticias\/wp-json\/wp\/v2\/posts\/24062","targetHints":{"allow":["GET"]}}],"collection":[{"href":"https:\/\/blogdorogeriogomes.com.br\/noticias\/wp-json\/wp\/v2\/posts"}],"about":[{"href":"https:\/\/blogdorogeriogomes.com.br\/noticias\/wp-json\/wp\/v2\/types\/post"}],"author":[{"embeddable":true,"href":"https:\/\/blogdorogeriogomes.com.br\/noticias\/wp-json\/wp\/v2\/users\/1"}],"replies":[{"embeddable":true,"href":"https:\/\/blogdorogeriogomes.com.br\/noticias\/wp-json\/wp\/v2\/comments?post=24062"}],"version-history":[{"count":2,"href":"https:\/\/blogdorogeriogomes.com.br\/noticias\/wp-json\/wp\/v2\/posts\/24062\/revisions"}],"predecessor-version":[{"id":24071,"href":"https:\/\/blogdorogeriogomes.com.br\/noticias\/wp-json\/wp\/v2\/posts\/24062\/revisions\/24071"}],"wp:featuredmedia":[{"embeddable":true,"href":"https:\/\/blogdorogeriogomes.com.br\/noticias\/wp-json\/wp\/v2\/media\/24063"}],"wp:attachment":[{"href":"https:\/\/blogdorogeriogomes.com.br\/noticias\/wp-json\/wp\/v2\/media?parent=24062"}],"wp:term":[{"taxonomy":"category","embeddable":true,"href":"https:\/\/blogdorogeriogomes.com.br\/noticias\/wp-json\/wp\/v2\/categories?post=24062"},{"taxonomy":"post_tag","embeddable":true,"href":"https:\/\/blogdorogeriogomes.com.br\/noticias\/wp-json\/wp\/v2\/tags?post=24062"}],"curies":[{"name":"wp","href":"https:\/\/api.w.org\/{rel}","templated":true}]}}