{"id":24073,"date":"2022-01-13T20:57:04","date_gmt":"2022-01-13T20:57:04","guid":{"rendered":"https:\/\/blogdorogeriogomes.com.br\/?p=24073"},"modified":"2022-01-14T09:56:30","modified_gmt":"2022-01-14T09:56:30","slug":"ministro-da-saude-confirma-que-utis-estao-lotadas-de-nao-vacinados-fortaleza-esta-em-alerta-critico-diz-fiocruz","status":"publish","type":"post","link":"https:\/\/blogdorogeriogomes.com.br\/noticias\/2022\/01\/ministro-da-saude-confirma-que-utis-estao-lotadas-de-nao-vacinados-fortaleza-esta-em-alerta-critico-diz-fiocruz\/","title":{"rendered":"Ministro da Sa\u00fade confirma que UTIs est\u00e3o lotadas de n\u00e3o vacinados. Fortaleza est\u00e1 em &#8220;alerta cr\u00edtico&#8221;, diz Fiocruz"},"content":{"rendered":"\n<p>A Fiocruz fez um alerta para o aumento da ocupa\u00e7\u00e3o de leitos UTIs de Covid na rede do SUS para adultos em todo o Pa\u00eds. Fortaleza \u00e9 uma das capitais que est\u00e3o em &#8220;alerta cr\u00edtico&#8221;. Fortaleza (88%), Recife (80%), Belo Horizonte (84%) e Goi\u00e2nia (94%) est\u00e3o com percentuais altos de ocupa\u00e7\u00e3o.<\/p>\n\n\n\n<p>O Minist\u00e9rio da Sa\u00fade confirmou nesta quinta-feira, dia 13 de janeiro, o que j\u00e1 vinha sendo informado pelos especialistas em sa\u00fade. As UTIs de todo o Pa\u00eds est\u00e3o lotadas, em sua maioria, por pessoas que n\u00e3o se vacinaram contra a Covid-19. As vacinas previne a manifesta\u00e7\u00e3o de sintomas mais graves.<\/p>\n\n\n\n<p>At\u00e9 o ministro da Sa\u00fade, Marcelo Queiroga, que busca repetir o negacionismo do presidente Jair Bolsonaro para n\u00e3o perder o cargo, teve de admitir essa realidade. &#8220;Aqueles que se internam nos hospitais e nas unidades de terapia intensiva, a grande maioria s\u00e3o indiv\u00edduos n\u00e3o vacinados&#8221;, disse Queiroga que pediu ainda que a popula\u00e7\u00e3o procure tomar a segunda dose e a dose de refor\u00e7o para evitar o aumento dos casos de Covid.<\/p>\n\n\n\n<figure class=\"wp-block-image size-large\"><img loading=\"lazy\" decoding=\"async\" width=\"450\" height=\"337\" src=\"https:\/\/blogdorogeriogomes.com.br\/wp-content\/uploads\/2022\/01\/images-8.jpeg\" alt=\"\" class=\"wp-image-24074\" srcset=\"https:\/\/blogdorogeriogomes.com.br\/noticias\/wp-content\/uploads\/2022\/01\/images-8.jpeg 450w, https:\/\/blogdorogeriogomes.com.br\/noticias\/wp-content\/uploads\/2022\/01\/images-8-300x225.jpeg 300w, https:\/\/blogdorogeriogomes.com.br\/noticias\/wp-content\/uploads\/2022\/01\/images-8-400x300.jpeg 400w\" sizes=\"auto, (max-width: 450px) 100vw, 450px\" \/><\/figure>\n","protected":false},"excerpt":{"rendered":"<p>A Fiocruz fez um alerta para o aumento da ocupa\u00e7\u00e3o de leitos UTIs de Covid na rede do SUS para adultos em todo o Pa\u00eds. Fortaleza \u00e9 uma das capitais que est\u00e3o em &#8220;alerta cr\u00edtico&#8221;. Fortaleza (88%), Recife (80%), Belo Horizonte (84%) e Goi\u00e2nia (94%) est\u00e3o com percentuais altos de ocupa\u00e7\u00e3o. O Minist\u00e9rio da Sa\u00fade confirmou nesta quinta-feira, dia 13 de janeiro, o que j\u00e1 vinha sendo informado pelos especialistas em sa\u00fade. As UTIs de todo o Pa\u00eds est\u00e3o&hellip;<\/p>\n","protected":false},"author":1,"featured_media":24074,"comment_status":"open","ping_status":"open","sticky":false,"template":"","format":"standard","meta":{"footnotes":""},"categories":[1],"tags":[],"class_list":["post-24073","post","type-post","status-publish","format-standard","has-post-thumbnail","hentry","category-noticias"],"_links":{"self":[{"href":"https:\/\/blogdorogeriogomes.com.br\/noticias\/wp-json\/wp\/v2\/posts\/24073","targetHints":{"allow":["GET"]}}],"collection":[{"href":"https:\/\/blogdorogeriogomes.com.br\/noticias\/wp-json\/wp\/v2\/posts"}],"about":[{"href":"https:\/\/blogdorogeriogomes.com.br\/noticias\/wp-json\/wp\/v2\/types\/post"}],"author":[{"embeddable":true,"href":"https:\/\/blogdorogeriogomes.com.br\/noticias\/wp-json\/wp\/v2\/users\/1"}],"replies":[{"embeddable":true,"href":"https:\/\/blogdorogeriogomes.com.br\/noticias\/wp-json\/wp\/v2\/comments?post=24073"}],"version-history":[{"count":1,"href":"https:\/\/blogdorogeriogomes.com.br\/noticias\/wp-json\/wp\/v2\/posts\/24073\/revisions"}],"predecessor-version":[{"id":24075,"href":"https:\/\/blogdorogeriogomes.com.br\/noticias\/wp-json\/wp\/v2\/posts\/24073\/revisions\/24075"}],"wp:featuredmedia":[{"embeddable":true,"href":"https:\/\/blogdorogeriogomes.com.br\/noticias\/wp-json\/wp\/v2\/media\/24074"}],"wp:attachment":[{"href":"https:\/\/blogdorogeriogomes.com.br\/noticias\/wp-json\/wp\/v2\/media?parent=24073"}],"wp:term":[{"taxonomy":"category","embeddable":true,"href":"https:\/\/blogdorogeriogomes.com.br\/noticias\/wp-json\/wp\/v2\/categories?post=24073"},{"taxonomy":"post_tag","embeddable":true,"href":"https:\/\/blogdorogeriogomes.com.br\/noticias\/wp-json\/wp\/v2\/tags?post=24073"}],"curies":[{"name":"wp","href":"https:\/\/api.w.org\/{rel}","templated":true}]}}