{"id":24076,"date":"2022-01-13T22:31:12","date_gmt":"2022-01-13T22:31:12","guid":{"rendered":"https:\/\/blogdorogeriogomes.com.br\/?p=24076"},"modified":"2022-01-14T09:56:05","modified_gmt":"2022-01-14T09:56:05","slug":"camilo-santana-antecipa-pagamento-do-rateio-do-fundeb-para-os-professores-nesta-sexta-feira","status":"publish","type":"post","link":"https:\/\/blogdorogeriogomes.com.br\/noticias\/2022\/01\/camilo-santana-antecipa-pagamento-do-rateio-do-fundeb-para-os-professores-nesta-sexta-feira\/","title":{"rendered":"Camilo Santana antecipa pagamento do rateio do Fundeb para os professores nesta sexta-feira"},"content":{"rendered":"\n<p>Uma boa not\u00edcia para os professores da rede estadual de ensino. O governador Camilo Santana (PT) decidiu antecipar o pagamento do rateio de sobras do Fundo de Manuten\u00e7\u00e3o e Desenvolvimento da Educa\u00e7\u00e3o B\u00e1sica e de Valoriza\u00e7\u00e3o dos Profissionais da Educa\u00e7\u00e3o (Fundeb), no valor de R$ 133 milh\u00f5es e 800 mil reais, para esta sexta-feira, dia 14 de janeiro. Os recursos v\u00e3o beneficiar 32.318 servidores do setor de educa\u00e7\u00e3o.<\/p>\n\n\n\n<p>Pelo menos 84 munic\u00edpios cearenses devem receber abono salarial ou 14\u00ba sal\u00e1rio do Fundo de Manuten\u00e7\u00e3o e Desenvolvimento da Educa\u00e7\u00e3o B\u00e1sica e de Valoriza\u00e7\u00e3o dos Profissionais da Educa\u00e7\u00e3o (Fundeb). Os valores s\u00e3o relativos ao ano de 2021.<\/p>\n\n\n\n<figure class=\"wp-block-image size-large\"><img loading=\"lazy\" decoding=\"async\" width=\"984\" height=\"656\" src=\"https:\/\/blogdorogeriogomes.com.br\/wp-content\/uploads\/2022\/01\/professor2.jpg\" alt=\"\" class=\"wp-image-24078\" srcset=\"https:\/\/blogdorogeriogomes.com.br\/noticias\/wp-content\/uploads\/2022\/01\/professor2.jpg 984w, https:\/\/blogdorogeriogomes.com.br\/noticias\/wp-content\/uploads\/2022\/01\/professor2-300x200.jpg 300w, https:\/\/blogdorogeriogomes.com.br\/noticias\/wp-content\/uploads\/2022\/01\/professor2-768x512.jpg 768w, https:\/\/blogdorogeriogomes.com.br\/noticias\/wp-content\/uploads\/2022\/01\/professor2-800x533.jpg 800w\" sizes=\"auto, (max-width: 984px) 100vw, 984px\" \/><\/figure>\n","protected":false},"excerpt":{"rendered":"<p>Uma boa not\u00edcia para os professores da rede estadual de ensino. O governador Camilo Santana (PT) decidiu antecipar o pagamento do rateio de sobras do Fundo de Manuten\u00e7\u00e3o e Desenvolvimento da Educa\u00e7\u00e3o B\u00e1sica e de Valoriza\u00e7\u00e3o dos Profissionais da Educa\u00e7\u00e3o (Fundeb), no valor de R$ 133 milh\u00f5es e 800 mil reais, para esta sexta-feira, dia 14 de janeiro. Os recursos v\u00e3o beneficiar 32.318 servidores do setor de educa\u00e7\u00e3o. Pelo menos 84 munic\u00edpios cearenses devem receber abono salarial ou 14\u00ba&hellip;<\/p>\n","protected":false},"author":1,"featured_media":24078,"comment_status":"open","ping_status":"open","sticky":false,"template":"","format":"standard","meta":{"footnotes":""},"categories":[1],"tags":[],"class_list":["post-24076","post","type-post","status-publish","format-standard","has-post-thumbnail","hentry","category-noticias"],"_links":{"self":[{"href":"https:\/\/blogdorogeriogomes.com.br\/noticias\/wp-json\/wp\/v2\/posts\/24076","targetHints":{"allow":["GET"]}}],"collection":[{"href":"https:\/\/blogdorogeriogomes.com.br\/noticias\/wp-json\/wp\/v2\/posts"}],"about":[{"href":"https:\/\/blogdorogeriogomes.com.br\/noticias\/wp-json\/wp\/v2\/types\/post"}],"author":[{"embeddable":true,"href":"https:\/\/blogdorogeriogomes.com.br\/noticias\/wp-json\/wp\/v2\/users\/1"}],"replies":[{"embeddable":true,"href":"https:\/\/blogdorogeriogomes.com.br\/noticias\/wp-json\/wp\/v2\/comments?post=24076"}],"version-history":[{"count":1,"href":"https:\/\/blogdorogeriogomes.com.br\/noticias\/wp-json\/wp\/v2\/posts\/24076\/revisions"}],"predecessor-version":[{"id":24079,"href":"https:\/\/blogdorogeriogomes.com.br\/noticias\/wp-json\/wp\/v2\/posts\/24076\/revisions\/24079"}],"wp:featuredmedia":[{"embeddable":true,"href":"https:\/\/blogdorogeriogomes.com.br\/noticias\/wp-json\/wp\/v2\/media\/24078"}],"wp:attachment":[{"href":"https:\/\/blogdorogeriogomes.com.br\/noticias\/wp-json\/wp\/v2\/media?parent=24076"}],"wp:term":[{"taxonomy":"category","embeddable":true,"href":"https:\/\/blogdorogeriogomes.com.br\/noticias\/wp-json\/wp\/v2\/categories?post=24076"},{"taxonomy":"post_tag","embeddable":true,"href":"https:\/\/blogdorogeriogomes.com.br\/noticias\/wp-json\/wp\/v2\/tags?post=24076"}],"curies":[{"name":"wp","href":"https:\/\/api.w.org\/{rel}","templated":true}]}}