{"id":24080,"date":"2022-01-14T10:03:12","date_gmt":"2022-01-14T10:03:12","guid":{"rendered":"https:\/\/blogdorogeriogomes.com.br\/?p=24080"},"modified":"2022-01-17T11:38:34","modified_gmt":"2022-01-17T11:38:34","slug":"fortaleza-faz-mutirao-por-cadastro-de-vacinacao-de-criancas-ceara-ja-supera-180-mil-a-espera-do-imunizante","status":"publish","type":"post","link":"https:\/\/blogdorogeriogomes.com.br\/noticias\/2022\/01\/fortaleza-faz-mutirao-por-cadastro-de-vacinacao-de-criancas-ceara-ja-supera-180-mil-a-espera-do-imunizante\/","title":{"rendered":"Fortaleza faz mutir\u00e3o por cadastro de vacina\u00e7\u00e3o de crian\u00e7as. Cear\u00e1 j\u00e1 supera 180 mil a espera do imunizante"},"content":{"rendered":"\n<p>A Prefeitura de Fortaleza inicia, nesta sexta-feira, dia 14 de janeiro, um mutir\u00e3o de cadastramento para vacina\u00e7\u00e3o de crian\u00e7as de 5 a 11 anos de idade contra a Covid-19. O objetivo \u00e9 proporcionar o acesso aos pais e respons\u00e1veis que n\u00e3o disponham de internet ou que tenham alguma dificuldade durante o cadastro no Sa\u00fade Digital (<a href=\"https:\/\/vacinacaocovid.saude.ce.gov.br\/\">https:\/\/vacinacaocovid.saude.ce.gov.br<\/a>), da Secretaria de Sa\u00fade do Estado (Sesa), etapa obrigat\u00f3ria para o agendamento para imuniza\u00e7\u00e3o em Fortaleza.<\/p>\n\n\n\n<p>O mutir\u00e3o vai promover pontos de apoio nas 12 Secretarias Executivas Regionais, quatro Cucas, Centro Cultural Canindezinho, 27 Centros de Refer\u00eancia de Assist\u00eancia Social (Cras), tr\u00eas Centros de Cidadania e Direitos Humanos (CCDH) e quatro terminais de \u00f4nibus (Messejana, Papicu, Ant\u00f4nio Bezerra e Parangaba). Ao todo, ser\u00e3o 51 equipamentos mobilizados.<\/p>\n\n\n\n<p>No Cear\u00e1, a mobiliza\u00e7\u00e3o em torno da imuniza\u00e7\u00e3o das crian\u00e7as tamb\u00e9m \u00e9 intensa. Mais de 183 mil crian\u00e7as de 5 a 11 anos est\u00e3o cadastradas na plataforma&nbsp;Sa\u00fade Digital da Secretaria da Sa\u00fade do Estado (Sesa), para receberem a&nbsp;vacina contra a Covid-19.<\/p>\n\n\n\n<figure class=\"wp-block-image size-large\"><img loading=\"lazy\" decoding=\"async\" width=\"699\" height=\"439\" src=\"https:\/\/blogdorogeriogomes.com.br\/wp-content\/uploads\/2022\/01\/images-9.jpeg\" alt=\"\" class=\"wp-image-24081\" srcset=\"https:\/\/blogdorogeriogomes.com.br\/noticias\/wp-content\/uploads\/2022\/01\/images-9.jpeg 699w, https:\/\/blogdorogeriogomes.com.br\/noticias\/wp-content\/uploads\/2022\/01\/images-9-300x188.jpeg 300w, https:\/\/blogdorogeriogomes.com.br\/noticias\/wp-content\/uploads\/2022\/01\/images-9-320x202.jpeg 320w\" sizes=\"auto, (max-width: 699px) 100vw, 699px\" \/><\/figure>\n","protected":false},"excerpt":{"rendered":"<p>A Prefeitura de Fortaleza inicia, nesta sexta-feira, dia 14 de janeiro, um mutir\u00e3o de cadastramento para vacina\u00e7\u00e3o de crian\u00e7as de 5 a 11 anos de idade contra a Covid-19. O objetivo \u00e9 proporcionar o acesso aos pais e respons\u00e1veis que n\u00e3o disponham de internet ou que tenham alguma dificuldade durante o cadastro no Sa\u00fade Digital (https:\/\/vacinacaocovid.saude.ce.gov.br), da Secretaria de Sa\u00fade do Estado (Sesa), etapa obrigat\u00f3ria para o agendamento para imuniza\u00e7\u00e3o em Fortaleza. O mutir\u00e3o vai promover pontos de apoio&hellip;<\/p>\n","protected":false},"author":1,"featured_media":24081,"comment_status":"open","ping_status":"open","sticky":false,"template":"","format":"standard","meta":{"footnotes":""},"categories":[1],"tags":[],"class_list":["post-24080","post","type-post","status-publish","format-standard","has-post-thumbnail","hentry","category-noticias"],"_links":{"self":[{"href":"https:\/\/blogdorogeriogomes.com.br\/noticias\/wp-json\/wp\/v2\/posts\/24080","targetHints":{"allow":["GET"]}}],"collection":[{"href":"https:\/\/blogdorogeriogomes.com.br\/noticias\/wp-json\/wp\/v2\/posts"}],"about":[{"href":"https:\/\/blogdorogeriogomes.com.br\/noticias\/wp-json\/wp\/v2\/types\/post"}],"author":[{"embeddable":true,"href":"https:\/\/blogdorogeriogomes.com.br\/noticias\/wp-json\/wp\/v2\/users\/1"}],"replies":[{"embeddable":true,"href":"https:\/\/blogdorogeriogomes.com.br\/noticias\/wp-json\/wp\/v2\/comments?post=24080"}],"version-history":[{"count":2,"href":"https:\/\/blogdorogeriogomes.com.br\/noticias\/wp-json\/wp\/v2\/posts\/24080\/revisions"}],"predecessor-version":[{"id":24093,"href":"https:\/\/blogdorogeriogomes.com.br\/noticias\/wp-json\/wp\/v2\/posts\/24080\/revisions\/24093"}],"wp:featuredmedia":[{"embeddable":true,"href":"https:\/\/blogdorogeriogomes.com.br\/noticias\/wp-json\/wp\/v2\/media\/24081"}],"wp:attachment":[{"href":"https:\/\/blogdorogeriogomes.com.br\/noticias\/wp-json\/wp\/v2\/media?parent=24080"}],"wp:term":[{"taxonomy":"category","embeddable":true,"href":"https:\/\/blogdorogeriogomes.com.br\/noticias\/wp-json\/wp\/v2\/categories?post=24080"},{"taxonomy":"post_tag","embeddable":true,"href":"https:\/\/blogdorogeriogomes.com.br\/noticias\/wp-json\/wp\/v2\/tags?post=24080"}],"curies":[{"name":"wp","href":"https:\/\/api.w.org\/{rel}","templated":true}]}}