{"id":24086,"date":"2022-01-14T18:12:10","date_gmt":"2022-01-14T18:12:10","guid":{"rendered":"https:\/\/blogdorogeriogomes.com.br\/?p=24086"},"modified":"2022-01-17T11:38:15","modified_gmt":"2022-01-17T11:38:15","slug":"novo-decreto-sugere-adiamento-no-inicio-de-aulas-para-alunos-ate-11-anos-e-reduz-capacidade-de-estadios","status":"publish","type":"post","link":"https:\/\/blogdorogeriogomes.com.br\/noticias\/2022\/01\/novo-decreto-sugere-adiamento-no-inicio-de-aulas-para-alunos-ate-11-anos-e-reduz-capacidade-de-estadios\/","title":{"rendered":"Novo decreto sugere adiamento no in\u00edcio de aulas para alunos at\u00e9 11 anos e reduz capacidade de est\u00e1dios"},"content":{"rendered":"\n<p>Ap\u00f3s nova reuni\u00e3o do Comit\u00ea Estadual de Enfrentamento \u00e0 Covid-19, nesta sexta-feira, dia 14 de janeiro, o Governo do Cear\u00e1 recomendou que escolas com alunos de at\u00e9 11 anos de idade que est\u00e3o planejando o in\u00edcio das atividades para a pr\u00f3xima segunda-feira, dia 17,&nbsp;suspendam o retorno das aulas por 15 dias. A ideia \u00e9 permitir que os alunos na faixa et\u00e1ria entre 5 e 11 anos possam come\u00e7ar a se vacinar com o imunizante da Pfizer. As primeiras doses j\u00e1 come\u00e7aram a ser distribu\u00eddas nos estados pelo Minist\u00e9rio da Sa\u00fade.<\/p>\n\n\n\n<p>Haver\u00e1 mudan\u00e7a tamb\u00e9m em rela\u00e7\u00e3o aos jogos de futebol. Os est\u00e1dios cearenses ter\u00e3o capacidade reduzida para 30% at\u00e9 o dia 5 de fevereiro.<\/p>\n\n\n\n<p>Outra altera\u00e7\u00e3o \u00e9 que o&nbsp;uso de m\u00e1scara N95 ser\u00e1 obrigat\u00f3rio para trabalhadores de estabelecimentos como farm\u00e1cias, escolas e supermercados no Cear\u00e1, a fim de reduzir a possibilidade de contamina\u00e7\u00e3o dia consumidores.<\/p>\n\n\n\n<figure class=\"wp-block-image size-large\"><img loading=\"lazy\" decoding=\"async\" width=\"739\" height=\"415\" src=\"https:\/\/blogdorogeriogomes.com.br\/wp-content\/uploads\/2022\/01\/images-10.jpeg\" alt=\"\" class=\"wp-image-24087\" srcset=\"https:\/\/blogdorogeriogomes.com.br\/noticias\/wp-content\/uploads\/2022\/01\/images-10.jpeg 739w, https:\/\/blogdorogeriogomes.com.br\/noticias\/wp-content\/uploads\/2022\/01\/images-10-300x168.jpeg 300w\" sizes=\"auto, (max-width: 739px) 100vw, 739px\" \/><\/figure>\n","protected":false},"excerpt":{"rendered":"<p>Ap\u00f3s nova reuni\u00e3o do Comit\u00ea Estadual de Enfrentamento \u00e0 Covid-19, nesta sexta-feira, dia 14 de janeiro, o Governo do Cear\u00e1 recomendou que escolas com alunos de at\u00e9 11 anos de idade que est\u00e3o planejando o in\u00edcio das atividades para a pr\u00f3xima segunda-feira, dia 17,&nbsp;suspendam o retorno das aulas por 15 dias. A ideia \u00e9 permitir que os alunos na faixa et\u00e1ria entre 5 e 11 anos possam come\u00e7ar a se vacinar com o imunizante da Pfizer. As primeiras doses&hellip;<\/p>\n","protected":false},"author":1,"featured_media":24087,"comment_status":"open","ping_status":"open","sticky":false,"template":"","format":"standard","meta":{"footnotes":""},"categories":[1],"tags":[],"class_list":["post-24086","post","type-post","status-publish","format-standard","has-post-thumbnail","hentry","category-noticias"],"_links":{"self":[{"href":"https:\/\/blogdorogeriogomes.com.br\/noticias\/wp-json\/wp\/v2\/posts\/24086","targetHints":{"allow":["GET"]}}],"collection":[{"href":"https:\/\/blogdorogeriogomes.com.br\/noticias\/wp-json\/wp\/v2\/posts"}],"about":[{"href":"https:\/\/blogdorogeriogomes.com.br\/noticias\/wp-json\/wp\/v2\/types\/post"}],"author":[{"embeddable":true,"href":"https:\/\/blogdorogeriogomes.com.br\/noticias\/wp-json\/wp\/v2\/users\/1"}],"replies":[{"embeddable":true,"href":"https:\/\/blogdorogeriogomes.com.br\/noticias\/wp-json\/wp\/v2\/comments?post=24086"}],"version-history":[{"count":2,"href":"https:\/\/blogdorogeriogomes.com.br\/noticias\/wp-json\/wp\/v2\/posts\/24086\/revisions"}],"predecessor-version":[{"id":24092,"href":"https:\/\/blogdorogeriogomes.com.br\/noticias\/wp-json\/wp\/v2\/posts\/24086\/revisions\/24092"}],"wp:featuredmedia":[{"embeddable":true,"href":"https:\/\/blogdorogeriogomes.com.br\/noticias\/wp-json\/wp\/v2\/media\/24087"}],"wp:attachment":[{"href":"https:\/\/blogdorogeriogomes.com.br\/noticias\/wp-json\/wp\/v2\/media?parent=24086"}],"wp:term":[{"taxonomy":"category","embeddable":true,"href":"https:\/\/blogdorogeriogomes.com.br\/noticias\/wp-json\/wp\/v2\/categories?post=24086"},{"taxonomy":"post_tag","embeddable":true,"href":"https:\/\/blogdorogeriogomes.com.br\/noticias\/wp-json\/wp\/v2\/tags?post=24086"}],"curies":[{"name":"wp","href":"https:\/\/api.w.org\/{rel}","templated":true}]}}