{"id":24089,"date":"2022-01-15T13:53:46","date_gmt":"2022-01-15T13:53:46","guid":{"rendered":"https:\/\/blogdorogeriogomes.com.br\/?p=24089"},"modified":"2022-01-17T11:38:06","modified_gmt":"2022-01-17T11:38:06","slug":"criancas-de-5-a-11-anos-comecam-a-receber-a-vacina-contra-a-covid-19-neste-sabado-em-todo-o-ceara","status":"publish","type":"post","link":"https:\/\/blogdorogeriogomes.com.br\/noticias\/2022\/01\/criancas-de-5-a-11-anos-comecam-a-receber-a-vacina-contra-a-covid-19-neste-sabado-em-todo-o-ceara\/","title":{"rendered":"Crian\u00e7as de 5 a 11 anos come\u00e7am a receber a vacina contra a Covid-19 neste s\u00e1bado em todo o Cear\u00e1"},"content":{"rendered":"\n<p>Come\u00e7ou neste s\u00e1bado, dia 15 de janeiro, a vacina\u00e7\u00e3o das crian\u00e7as de 5 a 11 anos contra a Covid-19 em todo o Cear\u00e1. Cec\u00edlia Ferreira Lima (foto), de 11 anos de idade, moradora do bairro Vila Uni\u00e3o, em Fortaleza, foi a primeira crian\u00e7a a receber o imunizante no Estado. Ela foi vacinada no Centro de Eventos do Cear\u00e1.<\/p>\n\n\n\n<p>A vacina\u00e7\u00e3o das crian\u00e7as vai utilizar o lote com 55.100 doses pedi\u00e1tricas da vacina Pfizer\/BioNTech que chegou ao Aeroporto de Fortaleza, no in\u00edcio da tarde desta sexta-feira, dia 13, e foi recebido pelo governador Camilo Santana e pelo secret\u00e1rio de Sa\u00fade do Cear\u00e1, Marcos Gadelha.<\/p>\n\n\n\n<p>A Secretaria de Sa\u00fade do Estado refor\u00e7a a necessidade de se manter os cuidados com o uso de m\u00e1scaras, higiene das m\u00e3os e evitar as aglomera\u00e7\u00f5es. Fortaleza est\u00e1 com quase 45% da taxa de positividade dos exames de Covid-19 realizados. &#8220;Isso significa que de 100 pessoas que fazem o exame, quase metade est\u00e3o com exames positivos, refletindo exatamente essa alta transmissibilidade dessa variante&#8221;, disse o secret\u00e1rio Marcos Gadelha.<\/p>\n\n\n\n<figure class=\"wp-block-image size-large\"><img loading=\"lazy\" decoding=\"async\" width=\"1024\" height=\"683\" src=\"https:\/\/blogdorogeriogomes.com.br\/wp-content\/uploads\/2022\/01\/IMG-20220115-WA0034-1024x683.jpg\" alt=\"\" class=\"wp-image-24090\" srcset=\"https:\/\/blogdorogeriogomes.com.br\/noticias\/wp-content\/uploads\/2022\/01\/IMG-20220115-WA0034-1024x683.jpg 1024w, https:\/\/blogdorogeriogomes.com.br\/noticias\/wp-content\/uploads\/2022\/01\/IMG-20220115-WA0034-300x200.jpg 300w, https:\/\/blogdorogeriogomes.com.br\/noticias\/wp-content\/uploads\/2022\/01\/IMG-20220115-WA0034-768x512.jpg 768w, https:\/\/blogdorogeriogomes.com.br\/noticias\/wp-content\/uploads\/2022\/01\/IMG-20220115-WA0034-800x533.jpg 800w, https:\/\/blogdorogeriogomes.com.br\/noticias\/wp-content\/uploads\/2022\/01\/IMG-20220115-WA0034.jpg 1065w\" sizes=\"auto, (max-width: 1024px) 100vw, 1024px\" \/><\/figure>\n","protected":false},"excerpt":{"rendered":"<p>Come\u00e7ou neste s\u00e1bado, dia 15 de janeiro, a vacina\u00e7\u00e3o das crian\u00e7as de 5 a 11 anos contra a Covid-19 em todo o Cear\u00e1. Cec\u00edlia Ferreira Lima (foto), de 11 anos de idade, moradora do bairro Vila Uni\u00e3o, em Fortaleza, foi a primeira crian\u00e7a a receber o imunizante no Estado. Ela foi vacinada no Centro de Eventos do Cear\u00e1. A vacina\u00e7\u00e3o das crian\u00e7as vai utilizar o lote com 55.100 doses pedi\u00e1tricas da vacina Pfizer\/BioNTech que chegou ao Aeroporto de Fortaleza,&hellip;<\/p>\n","protected":false},"author":1,"featured_media":24090,"comment_status":"open","ping_status":"open","sticky":false,"template":"","format":"standard","meta":{"footnotes":""},"categories":[1],"tags":[],"class_list":["post-24089","post","type-post","status-publish","format-standard","has-post-thumbnail","hentry","category-noticias"],"_links":{"self":[{"href":"https:\/\/blogdorogeriogomes.com.br\/noticias\/wp-json\/wp\/v2\/posts\/24089","targetHints":{"allow":["GET"]}}],"collection":[{"href":"https:\/\/blogdorogeriogomes.com.br\/noticias\/wp-json\/wp\/v2\/posts"}],"about":[{"href":"https:\/\/blogdorogeriogomes.com.br\/noticias\/wp-json\/wp\/v2\/types\/post"}],"author":[{"embeddable":true,"href":"https:\/\/blogdorogeriogomes.com.br\/noticias\/wp-json\/wp\/v2\/users\/1"}],"replies":[{"embeddable":true,"href":"https:\/\/blogdorogeriogomes.com.br\/noticias\/wp-json\/wp\/v2\/comments?post=24089"}],"version-history":[{"count":1,"href":"https:\/\/blogdorogeriogomes.com.br\/noticias\/wp-json\/wp\/v2\/posts\/24089\/revisions"}],"predecessor-version":[{"id":24091,"href":"https:\/\/blogdorogeriogomes.com.br\/noticias\/wp-json\/wp\/v2\/posts\/24089\/revisions\/24091"}],"wp:featuredmedia":[{"embeddable":true,"href":"https:\/\/blogdorogeriogomes.com.br\/noticias\/wp-json\/wp\/v2\/media\/24090"}],"wp:attachment":[{"href":"https:\/\/blogdorogeriogomes.com.br\/noticias\/wp-json\/wp\/v2\/media?parent=24089"}],"wp:term":[{"taxonomy":"category","embeddable":true,"href":"https:\/\/blogdorogeriogomes.com.br\/noticias\/wp-json\/wp\/v2\/categories?post=24089"},{"taxonomy":"post_tag","embeddable":true,"href":"https:\/\/blogdorogeriogomes.com.br\/noticias\/wp-json\/wp\/v2\/tags?post=24089"}],"curies":[{"name":"wp","href":"https:\/\/api.w.org\/{rel}","templated":true}]}}