{"id":24094,"date":"2022-01-17T13:27:14","date_gmt":"2022-01-17T13:27:14","guid":{"rendered":"https:\/\/blogdorogeriogomes.com.br\/?p=24094"},"modified":"2022-01-18T11:14:32","modified_gmt":"2022-01-18T11:14:32","slug":"taxa-de-desemprego-no-brasil-continuara-alta-em-2022-diz-oit","status":"publish","type":"post","link":"https:\/\/blogdorogeriogomes.com.br\/noticias\/2022\/01\/taxa-de-desemprego-no-brasil-continuara-alta-em-2022-diz-oit\/","title":{"rendered":"Taxa de desemprego no Brasil continuar\u00e1 alta em 2022, diz OIT"},"content":{"rendered":"\n<p>Relat\u00f3rio da Organiza\u00e7\u00e3o Internacional do Trabalho (OIT) revela que o desemprego no Brasil dever\u00e1 permanecer em alta ao longo de 2022, fechando o ano com um \u00edndice de 13,6%. Em 2019, o n\u00famero de desempregados no Brasil era de 12,5 milh\u00f5es de pessoas. Em 2021, a taxa atingiu 14,3 milh\u00f5es de pessoas e, em 2022, ele chegar\u00e1 a 14 milh\u00f5es.<\/p>\n\n\n\n<p>No per\u00edodo que antecedeu a pandemia da Covid-19, 62,2% dos brasileiros estavam no mercado de trabalho. Em 2020, este \u00edndice caiu para 57,3% e, agora, continua abaixo dos \u00edndices de 2019, com 59%.<\/p>\n\n\n\n<p>Definitivamente, a reforma trabalhista aprovada ainda no Governo Temer n\u00e3o conseguiu recuperar os postos de trabalho prometidos. E no atual Governo Bolsonaro, o desastre na condu\u00e7\u00e3o da pol\u00edtica econ\u00f4mica faz com que os \u00edndices de desemprego batam recorde a cada m\u00eas e sem perspectiva de melhora.<\/p>\n\n\n\n<figure class=\"wp-block-image size-large\"><img loading=\"lazy\" decoding=\"async\" width=\"700\" height=\"438\" src=\"https:\/\/blogdorogeriogomes.com.br\/wp-content\/uploads\/2022\/01\/images-11.jpeg\" alt=\"\" class=\"wp-image-24095\" srcset=\"https:\/\/blogdorogeriogomes.com.br\/noticias\/wp-content\/uploads\/2022\/01\/images-11.jpeg 700w, https:\/\/blogdorogeriogomes.com.br\/noticias\/wp-content\/uploads\/2022\/01\/images-11-300x188.jpeg 300w\" sizes=\"auto, (max-width: 700px) 100vw, 700px\" \/><\/figure>\n","protected":false},"excerpt":{"rendered":"<p>Relat\u00f3rio da Organiza\u00e7\u00e3o Internacional do Trabalho (OIT) revela que o desemprego no Brasil dever\u00e1 permanecer em alta ao longo de 2022, fechando o ano com um \u00edndice de 13,6%. Em 2019, o n\u00famero de desempregados no Brasil era de 12,5 milh\u00f5es de pessoas. Em 2021, a taxa atingiu 14,3 milh\u00f5es de pessoas e, em 2022, ele chegar\u00e1 a 14 milh\u00f5es. No per\u00edodo que antecedeu a pandemia da Covid-19, 62,2% dos brasileiros estavam no mercado de trabalho. Em 2020, este&hellip;<\/p>\n","protected":false},"author":1,"featured_media":24095,"comment_status":"open","ping_status":"open","sticky":false,"template":"","format":"standard","meta":{"footnotes":""},"categories":[1],"tags":[],"class_list":["post-24094","post","type-post","status-publish","format-standard","has-post-thumbnail","hentry","category-noticias"],"_links":{"self":[{"href":"https:\/\/blogdorogeriogomes.com.br\/noticias\/wp-json\/wp\/v2\/posts\/24094","targetHints":{"allow":["GET"]}}],"collection":[{"href":"https:\/\/blogdorogeriogomes.com.br\/noticias\/wp-json\/wp\/v2\/posts"}],"about":[{"href":"https:\/\/blogdorogeriogomes.com.br\/noticias\/wp-json\/wp\/v2\/types\/post"}],"author":[{"embeddable":true,"href":"https:\/\/blogdorogeriogomes.com.br\/noticias\/wp-json\/wp\/v2\/users\/1"}],"replies":[{"embeddable":true,"href":"https:\/\/blogdorogeriogomes.com.br\/noticias\/wp-json\/wp\/v2\/comments?post=24094"}],"version-history":[{"count":1,"href":"https:\/\/blogdorogeriogomes.com.br\/noticias\/wp-json\/wp\/v2\/posts\/24094\/revisions"}],"predecessor-version":[{"id":24096,"href":"https:\/\/blogdorogeriogomes.com.br\/noticias\/wp-json\/wp\/v2\/posts\/24094\/revisions\/24096"}],"wp:featuredmedia":[{"embeddable":true,"href":"https:\/\/blogdorogeriogomes.com.br\/noticias\/wp-json\/wp\/v2\/media\/24095"}],"wp:attachment":[{"href":"https:\/\/blogdorogeriogomes.com.br\/noticias\/wp-json\/wp\/v2\/media?parent=24094"}],"wp:term":[{"taxonomy":"category","embeddable":true,"href":"https:\/\/blogdorogeriogomes.com.br\/noticias\/wp-json\/wp\/v2\/categories?post=24094"},{"taxonomy":"post_tag","embeddable":true,"href":"https:\/\/blogdorogeriogomes.com.br\/noticias\/wp-json\/wp\/v2\/tags?post=24094"}],"curies":[{"name":"wp","href":"https:\/\/api.w.org\/{rel}","templated":true}]}}