{"id":24097,"date":"2022-01-17T13:44:09","date_gmt":"2022-01-17T13:44:09","guid":{"rendered":"https:\/\/blogdorogeriogomes.com.br\/?p=24097"},"modified":"2022-01-18T11:14:24","modified_gmt":"2022-01-18T11:14:24","slug":"ceara-atinge-quase-71-da-populacao-totalmente-imunizada-contra-o-coronavirus","status":"publish","type":"post","link":"https:\/\/blogdorogeriogomes.com.br\/noticias\/2022\/01\/ceara-atinge-quase-71-da-populacao-totalmente-imunizada-contra-o-coronavirus\/","title":{"rendered":"Cear\u00e1 atinge quase 71% da popula\u00e7\u00e3o totalmente imunizada contra o coronav\u00edrus"},"content":{"rendered":"\n<p>Completado um ano do in\u00edcio da vacina\u00e7\u00e3o contra a Covid-19 em todo o Pa\u00eds, o Cear\u00e1 tem 70,94% da popula\u00e7\u00e3o imunizada contra a doen\u00e7a.&nbsp;S\u00e3o consideradas imunizadas pessoas que receberam duas doses do imunizante ou a dose \u00fanica da Janssen. As duas doses garantem imuniza\u00e7\u00e3o contra o v\u00edrus, mas \u00e9 necess\u00e1ria a dose de refor\u00e7o ap\u00f3s o quarto m\u00eas da aplica\u00e7\u00e3o da segunda dose.<\/p>\n\n\n\n<p>O Cear\u00e1 tem o segundo maior percentual de imunizados entre os estados do Nordeste. O estado fica atr\u00e1s apenas do Piau\u00ed, que imunizou no geral 75,35% de sua popula\u00e7\u00e3o.<\/p>\n\n\n\n<p>Em rela\u00e7\u00e3o \u00e0 vacina\u00e7\u00e3o das crian\u00e7as, em quatro dias, o n\u00famero de cadastros para que crian\u00e7as de 5 a 11 anos recebam a vacina contra a Covid-19 em Fortaleza dobrou. No entanto,&nbsp;a quantidade est\u00e1 abaixo da esperada pelas autoridades sanit\u00e1rias, uma vez que ainda \u00e9 cerca de 39,5% de toda a popula\u00e7\u00e3o infantil estimada pela Prefeitura de Fortaleza.<\/p>\n\n\n\n<p>No Cear\u00e1, a Secretaria da Sa\u00fade do Estado aponta que j\u00e1 foram feitos&nbsp;112.114 cadastros, cerca de 39,5% da popula\u00e7\u00e3o pedi\u00e1trica.<\/p>\n\n\n\n<figure class=\"wp-block-image size-large\"><img loading=\"lazy\" decoding=\"async\" width=\"540\" height=\"304\" src=\"https:\/\/blogdorogeriogomes.com.br\/wp-content\/uploads\/2022\/01\/whatsapp-image-2021-02-21-at-13.58.31.jpeg\" alt=\"\" class=\"wp-image-24098\" srcset=\"https:\/\/blogdorogeriogomes.com.br\/noticias\/wp-content\/uploads\/2022\/01\/whatsapp-image-2021-02-21-at-13.58.31.jpeg 540w, https:\/\/blogdorogeriogomes.com.br\/noticias\/wp-content\/uploads\/2022\/01\/whatsapp-image-2021-02-21-at-13.58.31-300x169.jpeg 300w\" sizes=\"auto, (max-width: 540px) 100vw, 540px\" \/><\/figure>\n","protected":false},"excerpt":{"rendered":"<p>Completado um ano do in\u00edcio da vacina\u00e7\u00e3o contra a Covid-19 em todo o Pa\u00eds, o Cear\u00e1 tem 70,94% da popula\u00e7\u00e3o imunizada contra a doen\u00e7a.&nbsp;S\u00e3o consideradas imunizadas pessoas que receberam duas doses do imunizante ou a dose \u00fanica da Janssen. As duas doses garantem imuniza\u00e7\u00e3o contra o v\u00edrus, mas \u00e9 necess\u00e1ria a dose de refor\u00e7o ap\u00f3s o quarto m\u00eas da aplica\u00e7\u00e3o da segunda dose. O Cear\u00e1 tem o segundo maior percentual de imunizados entre os estados do Nordeste. O estado&hellip;<\/p>\n","protected":false},"author":1,"featured_media":24098,"comment_status":"open","ping_status":"open","sticky":false,"template":"","format":"standard","meta":{"footnotes":""},"categories":[1],"tags":[],"class_list":["post-24097","post","type-post","status-publish","format-standard","has-post-thumbnail","hentry","category-noticias"],"_links":{"self":[{"href":"https:\/\/blogdorogeriogomes.com.br\/noticias\/wp-json\/wp\/v2\/posts\/24097","targetHints":{"allow":["GET"]}}],"collection":[{"href":"https:\/\/blogdorogeriogomes.com.br\/noticias\/wp-json\/wp\/v2\/posts"}],"about":[{"href":"https:\/\/blogdorogeriogomes.com.br\/noticias\/wp-json\/wp\/v2\/types\/post"}],"author":[{"embeddable":true,"href":"https:\/\/blogdorogeriogomes.com.br\/noticias\/wp-json\/wp\/v2\/users\/1"}],"replies":[{"embeddable":true,"href":"https:\/\/blogdorogeriogomes.com.br\/noticias\/wp-json\/wp\/v2\/comments?post=24097"}],"version-history":[{"count":2,"href":"https:\/\/blogdorogeriogomes.com.br\/noticias\/wp-json\/wp\/v2\/posts\/24097\/revisions"}],"predecessor-version":[{"id":24115,"href":"https:\/\/blogdorogeriogomes.com.br\/noticias\/wp-json\/wp\/v2\/posts\/24097\/revisions\/24115"}],"wp:featuredmedia":[{"embeddable":true,"href":"https:\/\/blogdorogeriogomes.com.br\/noticias\/wp-json\/wp\/v2\/media\/24098"}],"wp:attachment":[{"href":"https:\/\/blogdorogeriogomes.com.br\/noticias\/wp-json\/wp\/v2\/media?parent=24097"}],"wp:term":[{"taxonomy":"category","embeddable":true,"href":"https:\/\/blogdorogeriogomes.com.br\/noticias\/wp-json\/wp\/v2\/categories?post=24097"},{"taxonomy":"post_tag","embeddable":true,"href":"https:\/\/blogdorogeriogomes.com.br\/noticias\/wp-json\/wp\/v2\/tags?post=24097"}],"curies":[{"name":"wp","href":"https:\/\/api.w.org\/{rel}","templated":true}]}}