{"id":24103,"date":"2022-01-17T22:15:16","date_gmt":"2022-01-17T22:15:16","guid":{"rendered":"https:\/\/blogdorogeriogomes.com.br\/?p=24103"},"modified":"2022-01-18T11:13:51","modified_gmt":"2022-01-18T11:13:51","slug":"ceara-recebe-novo-lote-de-vacinas-pediatricas-da-pfizer-para-reforcar-imunizacao-de-criancas","status":"publish","type":"post","link":"https:\/\/blogdorogeriogomes.com.br\/noticias\/2022\/01\/ceara-recebe-novo-lote-de-vacinas-pediatricas-da-pfizer-para-reforcar-imunizacao-de-criancas\/","title":{"rendered":"Cear\u00e1 recebe novo lote de vacinas pedi\u00e1tricas da Pfizer para refor\u00e7ar imuniza\u00e7\u00e3o de crian\u00e7as"},"content":{"rendered":"\n<p>O governador Camilo Santana confirmou o recebimento na madrugada desta ter\u00e7a-feira, dia 17 de janeiro, de um novo lote com doses pedi\u00e1tricas de vacinas contra Covid-19 para crian\u00e7as entre 5 e 11 anos. A nova remessa traz mais 55 mil imunizantes da Pfizer\/BioNTech para esta faixa et\u00e1ria no Cear\u00e1, que tamb\u00e9m recebe 270 mil vacinas do mesmo fabricante para a dose de refor\u00e7o do p\u00fablico acima de 12 anos.<\/p>\n\n\n\n<p>A vacina\u00e7\u00e3o do p\u00fablico infantil contra a Covid-19 foi iniciada no s\u00e1bado passado em todos os munic\u00edpios cearenses. Paus e respons\u00e1veis devem cadastrar os filhos na plataforma Sa\u00fade Digital para ter acesso ao imunizante.<\/p>\n\n\n\n<p>O Cear\u00e1 tem cerca de 904 mil crian\u00e7as entre 5 e 11 anos, idade eleg\u00edvel para imuniza\u00e7\u00e3o contra os efeitos graves do coronav\u00edrus. Deste total, cerca de 243 mil j\u00e1 se cadastraram para receberem a imuniza\u00e7\u00e3o.<\/p>\n\n\n\n<figure class=\"wp-block-image size-large\"><img loading=\"lazy\" decoding=\"async\" width=\"1024\" height=\"684\" src=\"https:\/\/blogdorogeriogomes.com.br\/wp-content\/uploads\/2022\/01\/220114_CHEGADA-VACINA-PEDIATRICA_CG1410-1200x802-1-1024x684.jpg\" alt=\"\" class=\"wp-image-24104\" srcset=\"https:\/\/blogdorogeriogomes.com.br\/noticias\/wp-content\/uploads\/2022\/01\/220114_CHEGADA-VACINA-PEDIATRICA_CG1410-1200x802-1-1024x684.jpg 1024w, https:\/\/blogdorogeriogomes.com.br\/noticias\/wp-content\/uploads\/2022\/01\/220114_CHEGADA-VACINA-PEDIATRICA_CG1410-1200x802-1-300x201.jpg 300w, https:\/\/blogdorogeriogomes.com.br\/noticias\/wp-content\/uploads\/2022\/01\/220114_CHEGADA-VACINA-PEDIATRICA_CG1410-1200x802-1-768x513.jpg 768w, https:\/\/blogdorogeriogomes.com.br\/noticias\/wp-content\/uploads\/2022\/01\/220114_CHEGADA-VACINA-PEDIATRICA_CG1410-1200x802-1-800x535.jpg 800w, https:\/\/blogdorogeriogomes.com.br\/noticias\/wp-content\/uploads\/2022\/01\/220114_CHEGADA-VACINA-PEDIATRICA_CG1410-1200x802-1.jpg 1200w\" sizes=\"auto, (max-width: 1024px) 100vw, 1024px\" \/><\/figure>\n","protected":false},"excerpt":{"rendered":"<p>O governador Camilo Santana confirmou o recebimento na madrugada desta ter\u00e7a-feira, dia 17 de janeiro, de um novo lote com doses pedi\u00e1tricas de vacinas contra Covid-19 para crian\u00e7as entre 5 e 11 anos. A nova remessa traz mais 55 mil imunizantes da Pfizer\/BioNTech para esta faixa et\u00e1ria no Cear\u00e1, que tamb\u00e9m recebe 270 mil vacinas do mesmo fabricante para a dose de refor\u00e7o do p\u00fablico acima de 12 anos. A vacina\u00e7\u00e3o do p\u00fablico infantil contra a Covid-19 foi iniciada&hellip;<\/p>\n","protected":false},"author":1,"featured_media":24104,"comment_status":"open","ping_status":"open","sticky":false,"template":"","format":"standard","meta":{"footnotes":""},"categories":[1],"tags":[],"class_list":["post-24103","post","type-post","status-publish","format-standard","has-post-thumbnail","hentry","category-noticias"],"_links":{"self":[{"href":"https:\/\/blogdorogeriogomes.com.br\/noticias\/wp-json\/wp\/v2\/posts\/24103","targetHints":{"allow":["GET"]}}],"collection":[{"href":"https:\/\/blogdorogeriogomes.com.br\/noticias\/wp-json\/wp\/v2\/posts"}],"about":[{"href":"https:\/\/blogdorogeriogomes.com.br\/noticias\/wp-json\/wp\/v2\/types\/post"}],"author":[{"embeddable":true,"href":"https:\/\/blogdorogeriogomes.com.br\/noticias\/wp-json\/wp\/v2\/users\/1"}],"replies":[{"embeddable":true,"href":"https:\/\/blogdorogeriogomes.com.br\/noticias\/wp-json\/wp\/v2\/comments?post=24103"}],"version-history":[{"count":1,"href":"https:\/\/blogdorogeriogomes.com.br\/noticias\/wp-json\/wp\/v2\/posts\/24103\/revisions"}],"predecessor-version":[{"id":24105,"href":"https:\/\/blogdorogeriogomes.com.br\/noticias\/wp-json\/wp\/v2\/posts\/24103\/revisions\/24105"}],"wp:featuredmedia":[{"embeddable":true,"href":"https:\/\/blogdorogeriogomes.com.br\/noticias\/wp-json\/wp\/v2\/media\/24104"}],"wp:attachment":[{"href":"https:\/\/blogdorogeriogomes.com.br\/noticias\/wp-json\/wp\/v2\/media?parent=24103"}],"wp:term":[{"taxonomy":"category","embeddable":true,"href":"https:\/\/blogdorogeriogomes.com.br\/noticias\/wp-json\/wp\/v2\/categories?post=24103"},{"taxonomy":"post_tag","embeddable":true,"href":"https:\/\/blogdorogeriogomes.com.br\/noticias\/wp-json\/wp\/v2\/tags?post=24103"}],"curies":[{"name":"wp","href":"https:\/\/api.w.org\/{rel}","templated":true}]}}