{"id":24108,"date":"2022-01-18T10:22:11","date_gmt":"2022-01-18T10:22:11","guid":{"rendered":"https:\/\/blogdorogeriogomes.com.br\/?p=24108"},"modified":"2022-01-18T11:13:39","modified_gmt":"2022-01-18T11:13:39","slug":"servidores-federais-comecam-a-pressionar-governo-federal-por-reajuste-de-salarios","status":"publish","type":"post","link":"https:\/\/blogdorogeriogomes.com.br\/noticias\/2022\/01\/servidores-federais-comecam-a-pressionar-governo-federal-por-reajuste-de-salarios\/","title":{"rendered":"Servidores federais come\u00e7am a pressionar Governo Federal por reajuste de sal\u00e1rios"},"content":{"rendered":"\n<p>Servidores p\u00fablicos federais de pelo menos 19 categorias devem cruzar os bra\u00e7os nesta ter\u00e7a-feira, dia 18 de janeiro, como forma de pressionar o governo de Jair Bolsonaro por reajustes salariais. Este ser\u00e1 o primeiro ato das categorias, que amea\u00e7am repetir a paralisa\u00e7\u00e3o nos dias 25 e 26 de janeiro e entrar em greve geral na segunda quinzena de fevereiro, caso n\u00e3o haja acordo.<\/p>\n\n\n\n<p>A principal pauta dos servidores \u00e9 a reposi\u00e7\u00e3o salarial linear, ou seja, o reajuste salarial para todas as categorias. Eles reivindicam aumento que reponha em parte a perda com a infla\u00e7\u00e3o nos \u00faltimos anos.<\/p>\n\n\n\n<p>A press\u00e3o por aumentos se intensificou no fim de 2021, quando o governo Bolsonaro sinalizou com o reajuste de sal\u00e1rios apenas de categorias espec\u00edficas, como policiais federais, policiais rodovi\u00e1rios federais e agentes penais.<\/p>\n\n\n\n<figure class=\"wp-block-image size-large\"><img loading=\"lazy\" decoding=\"async\" width=\"739\" height=\"415\" src=\"https:\/\/blogdorogeriogomes.com.br\/wp-content\/uploads\/2022\/01\/images-12.jpeg\" alt=\"\" class=\"wp-image-24109\" srcset=\"https:\/\/blogdorogeriogomes.com.br\/noticias\/wp-content\/uploads\/2022\/01\/images-12.jpeg 739w, https:\/\/blogdorogeriogomes.com.br\/noticias\/wp-content\/uploads\/2022\/01\/images-12-300x168.jpeg 300w\" sizes=\"auto, (max-width: 739px) 100vw, 739px\" \/><\/figure>\n","protected":false},"excerpt":{"rendered":"<p>Servidores p\u00fablicos federais de pelo menos 19 categorias devem cruzar os bra\u00e7os nesta ter\u00e7a-feira, dia 18 de janeiro, como forma de pressionar o governo de Jair Bolsonaro por reajustes salariais. Este ser\u00e1 o primeiro ato das categorias, que amea\u00e7am repetir a paralisa\u00e7\u00e3o nos dias 25 e 26 de janeiro e entrar em greve geral na segunda quinzena de fevereiro, caso n\u00e3o haja acordo. A principal pauta dos servidores \u00e9 a reposi\u00e7\u00e3o salarial linear, ou seja, o reajuste salarial para&hellip;<\/p>\n","protected":false},"author":1,"featured_media":24109,"comment_status":"open","ping_status":"open","sticky":false,"template":"","format":"standard","meta":{"footnotes":""},"categories":[1],"tags":[],"class_list":["post-24108","post","type-post","status-publish","format-standard","has-post-thumbnail","hentry","category-noticias"],"_links":{"self":[{"href":"https:\/\/blogdorogeriogomes.com.br\/noticias\/wp-json\/wp\/v2\/posts\/24108","targetHints":{"allow":["GET"]}}],"collection":[{"href":"https:\/\/blogdorogeriogomes.com.br\/noticias\/wp-json\/wp\/v2\/posts"}],"about":[{"href":"https:\/\/blogdorogeriogomes.com.br\/noticias\/wp-json\/wp\/v2\/types\/post"}],"author":[{"embeddable":true,"href":"https:\/\/blogdorogeriogomes.com.br\/noticias\/wp-json\/wp\/v2\/users\/1"}],"replies":[{"embeddable":true,"href":"https:\/\/blogdorogeriogomes.com.br\/noticias\/wp-json\/wp\/v2\/comments?post=24108"}],"version-history":[{"count":1,"href":"https:\/\/blogdorogeriogomes.com.br\/noticias\/wp-json\/wp\/v2\/posts\/24108\/revisions"}],"predecessor-version":[{"id":24110,"href":"https:\/\/blogdorogeriogomes.com.br\/noticias\/wp-json\/wp\/v2\/posts\/24108\/revisions\/24110"}],"wp:featuredmedia":[{"embeddable":true,"href":"https:\/\/blogdorogeriogomes.com.br\/noticias\/wp-json\/wp\/v2\/media\/24109"}],"wp:attachment":[{"href":"https:\/\/blogdorogeriogomes.com.br\/noticias\/wp-json\/wp\/v2\/media?parent=24108"}],"wp:term":[{"taxonomy":"category","embeddable":true,"href":"https:\/\/blogdorogeriogomes.com.br\/noticias\/wp-json\/wp\/v2\/categories?post=24108"},{"taxonomy":"post_tag","embeddable":true,"href":"https:\/\/blogdorogeriogomes.com.br\/noticias\/wp-json\/wp\/v2\/tags?post=24108"}],"curies":[{"name":"wp","href":"https:\/\/api.w.org\/{rel}","templated":true}]}}