{"id":24111,"date":"2022-01-18T10:54:20","date_gmt":"2022-01-18T10:54:20","guid":{"rendered":"https:\/\/blogdorogeriogomes.com.br\/?p=24111"},"modified":"2022-01-18T11:13:31","modified_gmt":"2022-01-18T11:13:31","slug":"pt-e-psb-retomam-conversas-esta-semana-para-formacao-de-chapa-lula-e-alckmin-em-2022","status":"publish","type":"post","link":"https:\/\/blogdorogeriogomes.com.br\/noticias\/2022\/01\/pt-e-psb-retomam-conversas-esta-semana-para-formacao-de-chapa-lula-e-alckmin-em-2022\/","title":{"rendered":"PT e PSB retomam conversas esta semana para forma\u00e7\u00e3o de chapa Lula e Alckmin em 2022"},"content":{"rendered":"\n<p>Dirigentes do PT e PSB retomam nesta semana as negocia\u00e7\u00f5es em torno da forma\u00e7\u00e3o da chapa Lula e Geraldo Alckmin para concorrer nas elei\u00e7\u00f5es presidenciais de outubro. Alckmin \u00e9 cortejado para ingressar no PSB, depois de sair do PSDB. <\/p>\n\n\n\n<p>Os presidentes do PSB,&nbsp;Carlos Siqueira, e do PT, a deputada federal Gleison Hoffmann se re\u00fanem em Bras\u00edlia, na pr\u00f3xima quinta-feira, dia 20 de janeiro. Na pauta do encontro tamb\u00e9m est\u00e1 a cria\u00e7\u00e3o de uma federa\u00e7\u00e3o partid\u00e1ria entre PT e PSB, que exigir\u00e1 que as duas legendas estejam juntas n\u00e3o s\u00f3 na disputa nacional, como nas elei\u00e7\u00f5es estaduais e municipais por quatro anos.<\/p>\n\n\n\n<p>Nos dois partidos h\u00e1 parlamentares favor\u00e1veis e contra a uni\u00e3o das agremia\u00e7\u00f5es em torno da candidatura a vice de Alckmin na chapa de Lula. O fato \u00e9 que tanto no PT, como no PSB, h\u00e1 um senso comum que \u00e9 buscar uni\u00e3o para tirar Jair Bolsonaro da Presid\u00eancia da Rep\u00fablica este ano. E, para isso, vai valer qualquer sacrif\u00edcio nos acordos partid\u00e1rios a serem tra\u00e7ados.<\/p>\n\n\n\n<figure class=\"wp-block-image size-large\"><img loading=\"lazy\" decoding=\"async\" width=\"645\" height=\"388\" src=\"https:\/\/blogdorogeriogomes.com.br\/wp-content\/uploads\/2022\/01\/images-13.jpeg\" alt=\"\" class=\"wp-image-24112\" srcset=\"https:\/\/blogdorogeriogomes.com.br\/noticias\/wp-content\/uploads\/2022\/01\/images-13.jpeg 645w, https:\/\/blogdorogeriogomes.com.br\/noticias\/wp-content\/uploads\/2022\/01\/images-13-300x180.jpeg 300w\" sizes=\"auto, (max-width: 645px) 100vw, 645px\" \/><\/figure>\n","protected":false},"excerpt":{"rendered":"<p>Dirigentes do PT e PSB retomam nesta semana as negocia\u00e7\u00f5es em torno da forma\u00e7\u00e3o da chapa Lula e Geraldo Alckmin para concorrer nas elei\u00e7\u00f5es presidenciais de outubro. Alckmin \u00e9 cortejado para ingressar no PSB, depois de sair do PSDB. Os presidentes do PSB,&nbsp;Carlos Siqueira, e do PT, a deputada federal Gleison Hoffmann se re\u00fanem em Bras\u00edlia, na pr\u00f3xima quinta-feira, dia 20 de janeiro. Na pauta do encontro tamb\u00e9m est\u00e1 a cria\u00e7\u00e3o de uma federa\u00e7\u00e3o partid\u00e1ria entre PT e PSB,&hellip;<\/p>\n","protected":false},"author":1,"featured_media":24112,"comment_status":"open","ping_status":"open","sticky":false,"template":"","format":"standard","meta":{"footnotes":""},"categories":[1],"tags":[],"class_list":["post-24111","post","type-post","status-publish","format-standard","has-post-thumbnail","hentry","category-noticias"],"_links":{"self":[{"href":"https:\/\/blogdorogeriogomes.com.br\/noticias\/wp-json\/wp\/v2\/posts\/24111","targetHints":{"allow":["GET"]}}],"collection":[{"href":"https:\/\/blogdorogeriogomes.com.br\/noticias\/wp-json\/wp\/v2\/posts"}],"about":[{"href":"https:\/\/blogdorogeriogomes.com.br\/noticias\/wp-json\/wp\/v2\/types\/post"}],"author":[{"embeddable":true,"href":"https:\/\/blogdorogeriogomes.com.br\/noticias\/wp-json\/wp\/v2\/users\/1"}],"replies":[{"embeddable":true,"href":"https:\/\/blogdorogeriogomes.com.br\/noticias\/wp-json\/wp\/v2\/comments?post=24111"}],"version-history":[{"count":2,"href":"https:\/\/blogdorogeriogomes.com.br\/noticias\/wp-json\/wp\/v2\/posts\/24111\/revisions"}],"predecessor-version":[{"id":24114,"href":"https:\/\/blogdorogeriogomes.com.br\/noticias\/wp-json\/wp\/v2\/posts\/24111\/revisions\/24114"}],"wp:featuredmedia":[{"embeddable":true,"href":"https:\/\/blogdorogeriogomes.com.br\/noticias\/wp-json\/wp\/v2\/media\/24112"}],"wp:attachment":[{"href":"https:\/\/blogdorogeriogomes.com.br\/noticias\/wp-json\/wp\/v2\/media?parent=24111"}],"wp:term":[{"taxonomy":"category","embeddable":true,"href":"https:\/\/blogdorogeriogomes.com.br\/noticias\/wp-json\/wp\/v2\/categories?post=24111"},{"taxonomy":"post_tag","embeddable":true,"href":"https:\/\/blogdorogeriogomes.com.br\/noticias\/wp-json\/wp\/v2\/tags?post=24111"}],"curies":[{"name":"wp","href":"https:\/\/api.w.org\/{rel}","templated":true}]}}