{"id":24116,"date":"2022-01-18T22:56:29","date_gmt":"2022-01-18T22:56:29","guid":{"rendered":"https:\/\/blogdorogeriogomes.com.br\/?p=24116"},"modified":"2022-01-19T09:05:30","modified_gmt":"2022-01-19T09:05:30","slug":"procon-fortaleza-vai-investigar-denuncias-de-precos-abusivos-nos-testes-de-covid-19-em-farmacias-da-capital","status":"publish","type":"post","link":"https:\/\/blogdorogeriogomes.com.br\/noticias\/2022\/01\/procon-fortaleza-vai-investigar-denuncias-de-precos-abusivos-nos-testes-de-covid-19-em-farmacias-da-capital\/","title":{"rendered":"Procon Fortaleza vai investigar den\u00fancias de pre\u00e7os abusivos nos testes de Covid-19 em farm\u00e1cias da Capital"},"content":{"rendered":"\n<p>Depois de muitas reclama\u00e7\u00f5es de consumidores, o Procon Fortaleza decidiu investigar farm\u00e1cias e laborat\u00f3rios de an\u00e1lises cl\u00ednicas de Fortaleza sobre den\u00fancias de pre\u00e7os abusivos em testes de Covid-19. O Departamento Municipal de Prote\u00e7\u00e3o e Defesa dos Direitos do Consumidor apura o caso que envolve aumentos sucessivos no produto durante as \u00faltimas semanas, com pre\u00e7os variando entre R$ 89 e R$ 300.<\/p>\n\n\n\n<p>Os estabelecimentos j\u00e1 foram notificados. O Procon Fortaleza deu prazo de 10 dias para que o Sindicato do Com\u00e9rcio Varejista de Produtos Farmac\u00eauticos e a Sociedade Brasileira de An\u00e1lises Cl\u00ednicas (Sincofarma) oriente os filiados e associados sobre a notifica\u00e7\u00e3o do \u00f3rg\u00e3o, que tamb\u00e9m alerta sobre pre\u00e7os abusivos na venda de m\u00e1scaras, \u00e1lcool em gel e luvas, bem como na realiza\u00e7\u00e3o de outros testes de infec\u00e7\u00f5es respirat\u00f3rias.<\/p>\n\n\n\n<figure class=\"wp-block-image size-large\"><img loading=\"lazy\" decoding=\"async\" width=\"739\" height=\"415\" src=\"https:\/\/blogdorogeriogomes.com.br\/wp-content\/uploads\/2022\/01\/images-14.jpeg\" alt=\"\" class=\"wp-image-24117\" srcset=\"https:\/\/blogdorogeriogomes.com.br\/noticias\/wp-content\/uploads\/2022\/01\/images-14.jpeg 739w, https:\/\/blogdorogeriogomes.com.br\/noticias\/wp-content\/uploads\/2022\/01\/images-14-300x168.jpeg 300w\" sizes=\"auto, (max-width: 739px) 100vw, 739px\" \/><\/figure>\n","protected":false},"excerpt":{"rendered":"<p>Depois de muitas reclama\u00e7\u00f5es de consumidores, o Procon Fortaleza decidiu investigar farm\u00e1cias e laborat\u00f3rios de an\u00e1lises cl\u00ednicas de Fortaleza sobre den\u00fancias de pre\u00e7os abusivos em testes de Covid-19. O Departamento Municipal de Prote\u00e7\u00e3o e Defesa dos Direitos do Consumidor apura o caso que envolve aumentos sucessivos no produto durante as \u00faltimas semanas, com pre\u00e7os variando entre R$ 89 e R$ 300. Os estabelecimentos j\u00e1 foram notificados. O Procon Fortaleza deu prazo de 10 dias para que o Sindicato do&hellip;<\/p>\n","protected":false},"author":1,"featured_media":24117,"comment_status":"open","ping_status":"open","sticky":false,"template":"","format":"standard","meta":{"footnotes":""},"categories":[1],"tags":[],"class_list":["post-24116","post","type-post","status-publish","format-standard","has-post-thumbnail","hentry","category-noticias"],"_links":{"self":[{"href":"https:\/\/blogdorogeriogomes.com.br\/noticias\/wp-json\/wp\/v2\/posts\/24116","targetHints":{"allow":["GET"]}}],"collection":[{"href":"https:\/\/blogdorogeriogomes.com.br\/noticias\/wp-json\/wp\/v2\/posts"}],"about":[{"href":"https:\/\/blogdorogeriogomes.com.br\/noticias\/wp-json\/wp\/v2\/types\/post"}],"author":[{"embeddable":true,"href":"https:\/\/blogdorogeriogomes.com.br\/noticias\/wp-json\/wp\/v2\/users\/1"}],"replies":[{"embeddable":true,"href":"https:\/\/blogdorogeriogomes.com.br\/noticias\/wp-json\/wp\/v2\/comments?post=24116"}],"version-history":[{"count":1,"href":"https:\/\/blogdorogeriogomes.com.br\/noticias\/wp-json\/wp\/v2\/posts\/24116\/revisions"}],"predecessor-version":[{"id":24118,"href":"https:\/\/blogdorogeriogomes.com.br\/noticias\/wp-json\/wp\/v2\/posts\/24116\/revisions\/24118"}],"wp:featuredmedia":[{"embeddable":true,"href":"https:\/\/blogdorogeriogomes.com.br\/noticias\/wp-json\/wp\/v2\/media\/24117"}],"wp:attachment":[{"href":"https:\/\/blogdorogeriogomes.com.br\/noticias\/wp-json\/wp\/v2\/media?parent=24116"}],"wp:term":[{"taxonomy":"category","embeddable":true,"href":"https:\/\/blogdorogeriogomes.com.br\/noticias\/wp-json\/wp\/v2\/categories?post=24116"},{"taxonomy":"post_tag","embeddable":true,"href":"https:\/\/blogdorogeriogomes.com.br\/noticias\/wp-json\/wp\/v2\/tags?post=24116"}],"curies":[{"name":"wp","href":"https:\/\/api.w.org\/{rel}","templated":true}]}}