{"id":24119,"date":"2022-01-18T23:26:12","date_gmt":"2022-01-18T23:26:12","guid":{"rendered":"https:\/\/blogdorogeriogomes.com.br\/?p=24119"},"modified":"2022-01-19T09:05:20","modified_gmt":"2022-01-19T09:05:20","slug":"sergio-moro-trava-luta-interna-no-podemos-para-manter-candidatura-ao-planalto","status":"publish","type":"post","link":"https:\/\/blogdorogeriogomes.com.br\/noticias\/2022\/01\/sergio-moro-trava-luta-interna-no-podemos-para-manter-candidatura-ao-planalto\/","title":{"rendered":"Sergio Moro trava luta interna no Podemos para manter candidatura ao Planalto"},"content":{"rendered":"\n<p>Reportagem da Carta Capital revela uma briga interna no Podemos entre parlamentares e o atual pr\u00e9-candidato do partido \u00e0 Presid\u00eancia da Rep\u00fablica, o ex-juiz Sergio Moro. Dos 11 parlamentares do partido na C\u00e2mara dos Deputados, ao menos sete s\u00e3o contr\u00e1rios \u00e0 candidatura de Moro.&nbsp;<\/p>\n\n\n\n<p>O argumento dos parlamentares do Podemos \u00e9 que a campanha majorit\u00e1ria em prol de Sergio Moro para o Planalto pode dizimar a bancada federal. Os motivos v\u00e3o desde os arranjos regionais \u00e0 divis\u00e3o do fundo eleitoral de R$ 229 milh\u00f5es que cabe ao Podemos. Pesam ainda o desempenho mediano do ex-juiz nas pesquisas eleitorais at\u00e9 agora, sem amea\u00e7ar nem Bolsonaro, nem Lula, e o pouco tempo de televis\u00e3o. A press\u00e3o da bancada de deputados federais do Podemos partido \u00e9 para que o ex-juiz migre para o Uni\u00e3o Brasil ou se candidate ao Senado pelo partido.<\/p>\n\n\n\n<figure class=\"wp-block-image size-large\"><img loading=\"lazy\" decoding=\"async\" width=\"738\" height=\"415\" src=\"https:\/\/blogdorogeriogomes.com.br\/wp-content\/uploads\/2022\/01\/images-15.jpeg\" alt=\"\" class=\"wp-image-24120\" srcset=\"https:\/\/blogdorogeriogomes.com.br\/noticias\/wp-content\/uploads\/2022\/01\/images-15.jpeg 738w, https:\/\/blogdorogeriogomes.com.br\/noticias\/wp-content\/uploads\/2022\/01\/images-15-300x169.jpeg 300w\" sizes=\"auto, (max-width: 738px) 100vw, 738px\" \/><\/figure>\n","protected":false},"excerpt":{"rendered":"<p>Reportagem da Carta Capital revela uma briga interna no Podemos entre parlamentares e o atual pr\u00e9-candidato do partido \u00e0 Presid\u00eancia da Rep\u00fablica, o ex-juiz Sergio Moro. Dos 11 parlamentares do partido na C\u00e2mara dos Deputados, ao menos sete s\u00e3o contr\u00e1rios \u00e0 candidatura de Moro.&nbsp; O argumento dos parlamentares do Podemos \u00e9 que a campanha majorit\u00e1ria em prol de Sergio Moro para o Planalto pode dizimar a bancada federal. Os motivos v\u00e3o desde os arranjos regionais \u00e0 divis\u00e3o do fundo&hellip;<\/p>\n","protected":false},"author":1,"featured_media":24120,"comment_status":"open","ping_status":"open","sticky":false,"template":"","format":"standard","meta":{"footnotes":""},"categories":[1],"tags":[],"class_list":["post-24119","post","type-post","status-publish","format-standard","has-post-thumbnail","hentry","category-noticias"],"_links":{"self":[{"href":"https:\/\/blogdorogeriogomes.com.br\/noticias\/wp-json\/wp\/v2\/posts\/24119","targetHints":{"allow":["GET"]}}],"collection":[{"href":"https:\/\/blogdorogeriogomes.com.br\/noticias\/wp-json\/wp\/v2\/posts"}],"about":[{"href":"https:\/\/blogdorogeriogomes.com.br\/noticias\/wp-json\/wp\/v2\/types\/post"}],"author":[{"embeddable":true,"href":"https:\/\/blogdorogeriogomes.com.br\/noticias\/wp-json\/wp\/v2\/users\/1"}],"replies":[{"embeddable":true,"href":"https:\/\/blogdorogeriogomes.com.br\/noticias\/wp-json\/wp\/v2\/comments?post=24119"}],"version-history":[{"count":2,"href":"https:\/\/blogdorogeriogomes.com.br\/noticias\/wp-json\/wp\/v2\/posts\/24119\/revisions"}],"predecessor-version":[{"id":24123,"href":"https:\/\/blogdorogeriogomes.com.br\/noticias\/wp-json\/wp\/v2\/posts\/24119\/revisions\/24123"}],"wp:featuredmedia":[{"embeddable":true,"href":"https:\/\/blogdorogeriogomes.com.br\/noticias\/wp-json\/wp\/v2\/media\/24120"}],"wp:attachment":[{"href":"https:\/\/blogdorogeriogomes.com.br\/noticias\/wp-json\/wp\/v2\/media?parent=24119"}],"wp:term":[{"taxonomy":"category","embeddable":true,"href":"https:\/\/blogdorogeriogomes.com.br\/noticias\/wp-json\/wp\/v2\/categories?post=24119"},{"taxonomy":"post_tag","embeddable":true,"href":"https:\/\/blogdorogeriogomes.com.br\/noticias\/wp-json\/wp\/v2\/tags?post=24119"}],"curies":[{"name":"wp","href":"https:\/\/api.w.org\/{rel}","templated":true}]}}