{"id":24124,"date":"2022-01-19T10:16:34","date_gmt":"2022-01-19T10:16:34","guid":{"rendered":"https:\/\/blogdorogeriogomes.com.br\/?p=24124"},"modified":"2022-01-20T11:00:17","modified_gmt":"2022-01-20T11:00:17","slug":"ciro-gomes-lanca-sua-pre-candidatura-na-sexta-feira-com-perfil-para-agradar-aos-jovens","status":"publish","type":"post","link":"https:\/\/blogdorogeriogomes.com.br\/noticias\/2022\/01\/ciro-gomes-lanca-sua-pre-candidatura-na-sexta-feira-com-perfil-para-agradar-aos-jovens\/","title":{"rendered":"Ciro Gomes lan\u00e7a sua pr\u00e9 candidatura na sexta-feira com perfil para agradar aos jovens"},"content":{"rendered":"\n<p>Em mais uma tentativa do marqueteiro Jo\u00e3o Santana, o pr\u00e9-candidato do PDT \u00e0 Presid\u00eancia da Rep\u00fablica, Ciro Gomes, deve sofrer uma nova repaginada no seu perfil para enfrentar a campanha eleitoral. Ciro lan\u00e7a oficialmente sua pr\u00e9 candidatura na sexta-feira, dia 21 de janeiro. Criticado pelo temperamento muitas vezes explosivo, o pedetista aparecer\u00e1 com nova roupagem, agora travestido de &#8216;rebelde&#8217;, segundo informa uma reportagem do Valor Econ\u00f4mico. Ciro tem aparecido em quarto lugar nas pesquisas para presidente, atr\u00e1s de Lula, Bolsonaro e Sergio Moro.<\/p>\n\n\n\n<p>Segundo a reportagem, para tentar reverter a imagem de temperamental de Ciro Gomes, que assusta o mercado financeiro e espanta uma parcela do eleitorado, a aposta do marqueteiro Jo\u00e3o Santana foi reembalar o pr\u00e9-candidato para tentar transformar o que seriam pontos negativos em qualidades. Outra aposta do marqueteiro \u00e9 na est\u00e9tica jovial, de olho num eleitorado que at\u00e9 agora, nas pesquisas, tem demonstrado inclina\u00e7\u00e3o pelo ex-presidente Lula.<\/p>\n\n\n\n<figure class=\"wp-block-image size-large\"><img loading=\"lazy\" decoding=\"async\" width=\"680\" height=\"446\" src=\"https:\/\/blogdorogeriogomes.com.br\/wp-content\/uploads\/2022\/01\/20210422170428_a89e01c84a80d885cbce322fd48476b54271bc52b6c6cb4a0043281a7dab98e9.jpg\" alt=\"\" class=\"wp-image-24125\" srcset=\"https:\/\/blogdorogeriogomes.com.br\/noticias\/wp-content\/uploads\/2022\/01\/20210422170428_a89e01c84a80d885cbce322fd48476b54271bc52b6c6cb4a0043281a7dab98e9.jpg 680w, https:\/\/blogdorogeriogomes.com.br\/noticias\/wp-content\/uploads\/2022\/01\/20210422170428_a89e01c84a80d885cbce322fd48476b54271bc52b6c6cb4a0043281a7dab98e9-300x197.jpg 300w\" sizes=\"auto, (max-width: 680px) 100vw, 680px\" \/><\/figure>\n","protected":false},"excerpt":{"rendered":"<p>Em mais uma tentativa do marqueteiro Jo\u00e3o Santana, o pr\u00e9-candidato do PDT \u00e0 Presid\u00eancia da Rep\u00fablica, Ciro Gomes, deve sofrer uma nova repaginada no seu perfil para enfrentar a campanha eleitoral. Ciro lan\u00e7a oficialmente sua pr\u00e9 candidatura na sexta-feira, dia 21 de janeiro. Criticado pelo temperamento muitas vezes explosivo, o pedetista aparecer\u00e1 com nova roupagem, agora travestido de &#8216;rebelde&#8217;, segundo informa uma reportagem do Valor Econ\u00f4mico. Ciro tem aparecido em quarto lugar nas pesquisas para presidente, atr\u00e1s de Lula,&hellip;<\/p>\n","protected":false},"author":1,"featured_media":24125,"comment_status":"open","ping_status":"open","sticky":false,"template":"","format":"standard","meta":{"footnotes":""},"categories":[1],"tags":[],"class_list":["post-24124","post","type-post","status-publish","format-standard","has-post-thumbnail","hentry","category-noticias"],"_links":{"self":[{"href":"https:\/\/blogdorogeriogomes.com.br\/noticias\/wp-json\/wp\/v2\/posts\/24124","targetHints":{"allow":["GET"]}}],"collection":[{"href":"https:\/\/blogdorogeriogomes.com.br\/noticias\/wp-json\/wp\/v2\/posts"}],"about":[{"href":"https:\/\/blogdorogeriogomes.com.br\/noticias\/wp-json\/wp\/v2\/types\/post"}],"author":[{"embeddable":true,"href":"https:\/\/blogdorogeriogomes.com.br\/noticias\/wp-json\/wp\/v2\/users\/1"}],"replies":[{"embeddable":true,"href":"https:\/\/blogdorogeriogomes.com.br\/noticias\/wp-json\/wp\/v2\/comments?post=24124"}],"version-history":[{"count":1,"href":"https:\/\/blogdorogeriogomes.com.br\/noticias\/wp-json\/wp\/v2\/posts\/24124\/revisions"}],"predecessor-version":[{"id":24126,"href":"https:\/\/blogdorogeriogomes.com.br\/noticias\/wp-json\/wp\/v2\/posts\/24124\/revisions\/24126"}],"wp:featuredmedia":[{"embeddable":true,"href":"https:\/\/blogdorogeriogomes.com.br\/noticias\/wp-json\/wp\/v2\/media\/24125"}],"wp:attachment":[{"href":"https:\/\/blogdorogeriogomes.com.br\/noticias\/wp-json\/wp\/v2\/media?parent=24124"}],"wp:term":[{"taxonomy":"category","embeddable":true,"href":"https:\/\/blogdorogeriogomes.com.br\/noticias\/wp-json\/wp\/v2\/categories?post=24124"},{"taxonomy":"post_tag","embeddable":true,"href":"https:\/\/blogdorogeriogomes.com.br\/noticias\/wp-json\/wp\/v2\/tags?post=24124"}],"curies":[{"name":"wp","href":"https:\/\/api.w.org\/{rel}","templated":true}]}}