{"id":24127,"date":"2022-01-19T10:41:06","date_gmt":"2022-01-19T10:41:06","guid":{"rendered":"https:\/\/blogdorogeriogomes.com.br\/?p=24127"},"modified":"2022-01-20T11:00:06","modified_gmt":"2022-01-20T11:00:06","slug":"numero-de-internacoes-por-covid-19-e-influenza-no-ceara-dobrou-nos-ultimos-15-dias","status":"publish","type":"post","link":"https:\/\/blogdorogeriogomes.com.br\/noticias\/2022\/01\/numero-de-internacoes-por-covid-19-e-influenza-no-ceara-dobrou-nos-ultimos-15-dias\/","title":{"rendered":"N\u00famero de interna\u00e7\u00f5es por Covid-19 e Influenza no Cear\u00e1 dobrou nos \u00faltimos 15 dias"},"content":{"rendered":"\n<p>O n\u00famero de pessoas internadas no Cear\u00e1 nas redes p\u00fablica de sa\u00fade dobrou nos \u00faltimos 15 dias. O salto foi de 275 interna\u00e7\u00f5es no in\u00edcio de janeiro para 572, na \u00faltima ter\u00e7a-feira, dia 18 de janeiro. Os n\u00fameros de internados em UTI subiram pouco mais de 39%, saindo de 82 interna\u00e7\u00f5es para 114.<\/p>\n\n\n\n<p>O crescimento nas interna\u00e7\u00f5es na rede privada tamb\u00e9m \u00e9 considerada relevante, com o aumento casos de Covid-19 e da Influenza.<\/p>\n\n\n\n<p>O governador Camilo Santana determinou na semana passada a abertura de 452 novos leitos para ampliar o atendimento a pacientes com as s\u00edndromes gripais.<\/p>\n\n\n\n<p>Em Fortaleza, o Hospital Geral de Fortaleza (foto) j\u00e1 tem 100% de ocupa\u00e7\u00e3o dos seus leitos de UTI destinados para pacientes com Covid-19 e Influenza. O mesmo ocorre no Instituto Jos\u00e9 Frota, administrado pela Prefeitura de Fortaleza.<\/p>\n\n\n\n<p>As UTIs do Hospital Infantil Albert Sabin (Hias) e do Hospital S\u00e3o Jos\u00e9 (HSJ) tamb\u00e9m est\u00e3o lotadas, a exemplo do Hospital Geral Dr. Waldemar Alc\u00e2ntara. A grande maioria dos pacientes com sintomas graves da doen\u00e7a \u00e9 de pacientes que n\u00e3o foram imunizados contra a Covid-19.<\/p>\n\n\n\n<figure class=\"wp-block-image size-large\"><img loading=\"lazy\" decoding=\"async\" width=\"700\" height=\"438\" src=\"https:\/\/blogdorogeriogomes.com.br\/wp-content\/uploads\/2022\/01\/images-16.jpeg\" alt=\"\" class=\"wp-image-24128\" srcset=\"https:\/\/blogdorogeriogomes.com.br\/noticias\/wp-content\/uploads\/2022\/01\/images-16.jpeg 700w, https:\/\/blogdorogeriogomes.com.br\/noticias\/wp-content\/uploads\/2022\/01\/images-16-300x188.jpeg 300w\" sizes=\"auto, (max-width: 700px) 100vw, 700px\" \/><\/figure>\n","protected":false},"excerpt":{"rendered":"<p>O n\u00famero de pessoas internadas no Cear\u00e1 nas redes p\u00fablica de sa\u00fade dobrou nos \u00faltimos 15 dias. O salto foi de 275 interna\u00e7\u00f5es no in\u00edcio de janeiro para 572, na \u00faltima ter\u00e7a-feira, dia 18 de janeiro. Os n\u00fameros de internados em UTI subiram pouco mais de 39%, saindo de 82 interna\u00e7\u00f5es para 114. O crescimento nas interna\u00e7\u00f5es na rede privada tamb\u00e9m \u00e9 considerada relevante, com o aumento casos de Covid-19 e da Influenza. O governador Camilo Santana determinou na&hellip;<\/p>\n","protected":false},"author":1,"featured_media":24128,"comment_status":"open","ping_status":"open","sticky":false,"template":"","format":"standard","meta":{"footnotes":""},"categories":[1],"tags":[],"class_list":["post-24127","post","type-post","status-publish","format-standard","has-post-thumbnail","hentry","category-noticias"],"_links":{"self":[{"href":"https:\/\/blogdorogeriogomes.com.br\/noticias\/wp-json\/wp\/v2\/posts\/24127","targetHints":{"allow":["GET"]}}],"collection":[{"href":"https:\/\/blogdorogeriogomes.com.br\/noticias\/wp-json\/wp\/v2\/posts"}],"about":[{"href":"https:\/\/blogdorogeriogomes.com.br\/noticias\/wp-json\/wp\/v2\/types\/post"}],"author":[{"embeddable":true,"href":"https:\/\/blogdorogeriogomes.com.br\/noticias\/wp-json\/wp\/v2\/users\/1"}],"replies":[{"embeddable":true,"href":"https:\/\/blogdorogeriogomes.com.br\/noticias\/wp-json\/wp\/v2\/comments?post=24127"}],"version-history":[{"count":1,"href":"https:\/\/blogdorogeriogomes.com.br\/noticias\/wp-json\/wp\/v2\/posts\/24127\/revisions"}],"predecessor-version":[{"id":24129,"href":"https:\/\/blogdorogeriogomes.com.br\/noticias\/wp-json\/wp\/v2\/posts\/24127\/revisions\/24129"}],"wp:featuredmedia":[{"embeddable":true,"href":"https:\/\/blogdorogeriogomes.com.br\/noticias\/wp-json\/wp\/v2\/media\/24128"}],"wp:attachment":[{"href":"https:\/\/blogdorogeriogomes.com.br\/noticias\/wp-json\/wp\/v2\/media?parent=24127"}],"wp:term":[{"taxonomy":"category","embeddable":true,"href":"https:\/\/blogdorogeriogomes.com.br\/noticias\/wp-json\/wp\/v2\/categories?post=24127"},{"taxonomy":"post_tag","embeddable":true,"href":"https:\/\/blogdorogeriogomes.com.br\/noticias\/wp-json\/wp\/v2\/tags?post=24127"}],"curies":[{"name":"wp","href":"https:\/\/api.w.org\/{rel}","templated":true}]}}