{"id":24130,"date":"2022-01-20T00:17:45","date_gmt":"2022-01-20T00:17:45","guid":{"rendered":"https:\/\/blogdorogeriogomes.com.br\/?p=24130"},"modified":"2022-01-20T10:59:48","modified_gmt":"2022-01-20T10:59:48","slug":"ministro-do-stf-determina-que-ministerio-publico-atue-contra-os-pais-que-nao-levarem-os-filhos-para-se-vacinar-contra-a-covid-19","status":"publish","type":"post","link":"https:\/\/blogdorogeriogomes.com.br\/noticias\/2022\/01\/ministro-do-stf-determina-que-ministerio-publico-atue-contra-os-pais-que-nao-levarem-os-filhos-para-se-vacinar-contra-a-covid-19\/","title":{"rendered":"Ministro do STF determina que Minist\u00e9rio P\u00fablico atue contra os pais que n\u00e3o levarem os filhos para se vacinar contra a Covid-19"},"content":{"rendered":"\n<p>Pais e respons\u00e1veis que n\u00e3o vacinarem seis filhos contra a Covid-19 poder\u00e3o ter problemas com a Justi\u00e7a. O ministro do Supremo Tribunal Federal (STF), Ricardo Lewandowski, determinou que todos os Minist\u00e9rios P\u00fablicos estaduais e do Distrito Federal atuem contra os pais que n\u00e3o vacinem seus filhos contra o coronav\u00edrus.<\/p>\n\n\n\n<p>O STF j\u00e1 reconheceu que pais e respons\u00e1veis n\u00e3o podem deixar de vacinar filhos e tutelados por convic\u00e7\u00f5es filos\u00f3ficas ou ideol\u00f3gicas.<\/p>\n\n\n\n<p>Al\u00e9m de estabelecer a obrigatoriedade de vacina\u00e7\u00e3o, o Estatuto da Crian\u00e7a e do Adolescente prev\u00ea que quem descumpre &#8220;dolosa ou culposamente, os deveres inerentes ao poder familiar ou decorrente de tutela ou guarda, bem assim determina\u00e7\u00e3o da autoridade judici\u00e1ria ou Conselho Tutelar&#8221; pode ter que pagar multa de tr\u00eas a vinte sal\u00e1rios.<\/p>\n\n\n\n<figure class=\"wp-block-image size-large\"><img loading=\"lazy\" decoding=\"async\" width=\"1024\" height=\"576\" src=\"https:\/\/blogdorogeriogomes.com.br\/wp-content\/uploads\/2022\/01\/51753444264-631b1abad7-k-1024x576.jpg\" alt=\"\" class=\"wp-image-24131\" srcset=\"https:\/\/blogdorogeriogomes.com.br\/noticias\/wp-content\/uploads\/2022\/01\/51753444264-631b1abad7-k-1024x576.jpg 1024w, https:\/\/blogdorogeriogomes.com.br\/noticias\/wp-content\/uploads\/2022\/01\/51753444264-631b1abad7-k-300x169.jpg 300w, https:\/\/blogdorogeriogomes.com.br\/noticias\/wp-content\/uploads\/2022\/01\/51753444264-631b1abad7-k-768x432.jpg 768w, https:\/\/blogdorogeriogomes.com.br\/noticias\/wp-content\/uploads\/2022\/01\/51753444264-631b1abad7-k-800x450.jpg 800w, https:\/\/blogdorogeriogomes.com.br\/noticias\/wp-content\/uploads\/2022\/01\/51753444264-631b1abad7-k.jpg 1080w\" sizes=\"auto, (max-width: 1024px) 100vw, 1024px\" \/><\/figure>\n","protected":false},"excerpt":{"rendered":"<p>Pais e respons\u00e1veis que n\u00e3o vacinarem seis filhos contra a Covid-19 poder\u00e3o ter problemas com a Justi\u00e7a. O ministro do Supremo Tribunal Federal (STF), Ricardo Lewandowski, determinou que todos os Minist\u00e9rios P\u00fablicos estaduais e do Distrito Federal atuem contra os pais que n\u00e3o vacinem seus filhos contra o coronav\u00edrus. O STF j\u00e1 reconheceu que pais e respons\u00e1veis n\u00e3o podem deixar de vacinar filhos e tutelados por convic\u00e7\u00f5es filos\u00f3ficas ou ideol\u00f3gicas. Al\u00e9m de estabelecer a obrigatoriedade de vacina\u00e7\u00e3o, o Estatuto&hellip;<\/p>\n","protected":false},"author":1,"featured_media":24131,"comment_status":"open","ping_status":"open","sticky":false,"template":"","format":"standard","meta":{"footnotes":""},"categories":[1],"tags":[],"class_list":["post-24130","post","type-post","status-publish","format-standard","has-post-thumbnail","hentry","category-noticias"],"_links":{"self":[{"href":"https:\/\/blogdorogeriogomes.com.br\/noticias\/wp-json\/wp\/v2\/posts\/24130","targetHints":{"allow":["GET"]}}],"collection":[{"href":"https:\/\/blogdorogeriogomes.com.br\/noticias\/wp-json\/wp\/v2\/posts"}],"about":[{"href":"https:\/\/blogdorogeriogomes.com.br\/noticias\/wp-json\/wp\/v2\/types\/post"}],"author":[{"embeddable":true,"href":"https:\/\/blogdorogeriogomes.com.br\/noticias\/wp-json\/wp\/v2\/users\/1"}],"replies":[{"embeddable":true,"href":"https:\/\/blogdorogeriogomes.com.br\/noticias\/wp-json\/wp\/v2\/comments?post=24130"}],"version-history":[{"count":1,"href":"https:\/\/blogdorogeriogomes.com.br\/noticias\/wp-json\/wp\/v2\/posts\/24130\/revisions"}],"predecessor-version":[{"id":24132,"href":"https:\/\/blogdorogeriogomes.com.br\/noticias\/wp-json\/wp\/v2\/posts\/24130\/revisions\/24132"}],"wp:featuredmedia":[{"embeddable":true,"href":"https:\/\/blogdorogeriogomes.com.br\/noticias\/wp-json\/wp\/v2\/media\/24131"}],"wp:attachment":[{"href":"https:\/\/blogdorogeriogomes.com.br\/noticias\/wp-json\/wp\/v2\/media?parent=24130"}],"wp:term":[{"taxonomy":"category","embeddable":true,"href":"https:\/\/blogdorogeriogomes.com.br\/noticias\/wp-json\/wp\/v2\/categories?post=24130"},{"taxonomy":"post_tag","embeddable":true,"href":"https:\/\/blogdorogeriogomes.com.br\/noticias\/wp-json\/wp\/v2\/tags?post=24130"}],"curies":[{"name":"wp","href":"https:\/\/api.w.org\/{rel}","templated":true}]}}