{"id":24133,"date":"2022-01-20T00:57:41","date_gmt":"2022-01-20T00:57:41","guid":{"rendered":"https:\/\/blogdorogeriogomes.com.br\/?p=24133"},"modified":"2022-01-20T10:59:41","modified_gmt":"2022-01-20T10:59:41","slug":"lula-defende-politica-de-aliancas-acalma-o-mercado-e-acena-a-militares","status":"publish","type":"post","link":"https:\/\/blogdorogeriogomes.com.br\/noticias\/2022\/01\/lula-defende-politica-de-aliancas-acalma-o-mercado-e-acena-a-militares\/","title":{"rendered":"Lula defende pol\u00edtica de alian\u00e7as, acalma o mercado e acena a militares"},"content":{"rendered":"\n<p>Em uma entrevista a sites independentes, nesta quarta-feira, dia 19 de janeiro, o ex-presidente Lula (PT) defendeu a pol\u00edtica de alian\u00e7as que o PT est\u00e1 buscando para as elei\u00e7\u00f5es de 2022, que envolve a forma\u00e7\u00e3o de uma chapa com o ex-tucano Geraldo Alckmin como candidato a vice. Para Lula, \u00e9 fundamental &#8220;resgatar o pa\u00eds desmantelado por Jair Bolsonaro, restituindo ao povo a democracia e e lhe devolvendo condi\u00e7\u00f5es de vida que perdeu&#8221;.<\/p>\n\n\n\n<p>Na entrevista, Lula fez um aceno aos militares. Ele defendeu que as Forcas Armadas sejam bem equipadas e valorizadas para cumprir sua miss\u00e3o constitucional, enfatizando n\u00e3o considerar os militares que est\u00e3o no atual Governo Bolsonaro como representativos da institui\u00e7\u00e3o.<\/p>\n\n\n\n<p>Ao mercado financeiro, Lula falou da necessidade de uma reconstru\u00e7\u00e3o nacional. Garante que a prioridade ser\u00e1 repetir os bons n\u00fameros da economia em seu governo, deixando claro que a responsabilidade fiscal est\u00e1 embutida em sua forma de governar.<\/p>\n\n\n\n<p>&#8220;\u00c9 poss\u00edvel a gente fazer isso, numa perspectiva de reconstruir uma coisa que o povo brasileiro tem demais, que \u00e9 o afeto, que \u00e9 uma coisa fraterna, solid\u00e1ria, ningu\u00e9m precisa ficar brigando com ningu\u00e9m. Ningu\u00e9m precisa ter medo porque o Lula n\u00e3o \u00e9 de perseguir ningu\u00e9m. Eu n\u00e3o vou fazer com eles o que eles fizeram comigo, porque o meu compromisso \u00e9 fazer para o povo, n\u00e3o \u00e9 fazer nada contra os outros&#8221;, disse Lula.<\/p>\n\n\n\n<figure class=\"wp-block-image size-large\"><img loading=\"lazy\" decoding=\"async\" width=\"1024\" height=\"675\" src=\"https:\/\/blogdorogeriogomes.com.br\/wp-content\/uploads\/2022\/01\/coletiva-midia-independente-Stuckert-02-1024x675.jpeg\" alt=\"\" class=\"wp-image-24134\" srcset=\"https:\/\/blogdorogeriogomes.com.br\/noticias\/wp-content\/uploads\/2022\/01\/coletiva-midia-independente-Stuckert-02-1024x675.jpeg 1024w, https:\/\/blogdorogeriogomes.com.br\/noticias\/wp-content\/uploads\/2022\/01\/coletiva-midia-independente-Stuckert-02-300x198.jpeg 300w, https:\/\/blogdorogeriogomes.com.br\/noticias\/wp-content\/uploads\/2022\/01\/coletiva-midia-independente-Stuckert-02-768x506.jpeg 768w, https:\/\/blogdorogeriogomes.com.br\/noticias\/wp-content\/uploads\/2022\/01\/coletiva-midia-independente-Stuckert-02-1536x1012.jpeg 1536w, https:\/\/blogdorogeriogomes.com.br\/noticias\/wp-content\/uploads\/2022\/01\/coletiva-midia-independente-Stuckert-02-800x527.jpeg 800w, https:\/\/blogdorogeriogomes.com.br\/noticias\/wp-content\/uploads\/2022\/01\/coletiva-midia-independente-Stuckert-02.jpeg 1600w\" sizes=\"auto, (max-width: 1024px) 100vw, 1024px\" \/><\/figure>\n","protected":false},"excerpt":{"rendered":"<p>Em uma entrevista a sites independentes, nesta quarta-feira, dia 19 de janeiro, o ex-presidente Lula (PT) defendeu a pol\u00edtica de alian\u00e7as que o PT est\u00e1 buscando para as elei\u00e7\u00f5es de 2022, que envolve a forma\u00e7\u00e3o de uma chapa com o ex-tucano Geraldo Alckmin como candidato a vice. Para Lula, \u00e9 fundamental &#8220;resgatar o pa\u00eds desmantelado por Jair Bolsonaro, restituindo ao povo a democracia e e lhe devolvendo condi\u00e7\u00f5es de vida que perdeu&#8221;. Na entrevista, Lula fez um aceno aos&hellip;<\/p>\n","protected":false},"author":1,"featured_media":24134,"comment_status":"open","ping_status":"open","sticky":false,"template":"","format":"standard","meta":{"footnotes":""},"categories":[1],"tags":[],"class_list":["post-24133","post","type-post","status-publish","format-standard","has-post-thumbnail","hentry","category-noticias"],"_links":{"self":[{"href":"https:\/\/blogdorogeriogomes.com.br\/noticias\/wp-json\/wp\/v2\/posts\/24133","targetHints":{"allow":["GET"]}}],"collection":[{"href":"https:\/\/blogdorogeriogomes.com.br\/noticias\/wp-json\/wp\/v2\/posts"}],"about":[{"href":"https:\/\/blogdorogeriogomes.com.br\/noticias\/wp-json\/wp\/v2\/types\/post"}],"author":[{"embeddable":true,"href":"https:\/\/blogdorogeriogomes.com.br\/noticias\/wp-json\/wp\/v2\/users\/1"}],"replies":[{"embeddable":true,"href":"https:\/\/blogdorogeriogomes.com.br\/noticias\/wp-json\/wp\/v2\/comments?post=24133"}],"version-history":[{"count":1,"href":"https:\/\/blogdorogeriogomes.com.br\/noticias\/wp-json\/wp\/v2\/posts\/24133\/revisions"}],"predecessor-version":[{"id":24135,"href":"https:\/\/blogdorogeriogomes.com.br\/noticias\/wp-json\/wp\/v2\/posts\/24133\/revisions\/24135"}],"wp:featuredmedia":[{"embeddable":true,"href":"https:\/\/blogdorogeriogomes.com.br\/noticias\/wp-json\/wp\/v2\/media\/24134"}],"wp:attachment":[{"href":"https:\/\/blogdorogeriogomes.com.br\/noticias\/wp-json\/wp\/v2\/media?parent=24133"}],"wp:term":[{"taxonomy":"category","embeddable":true,"href":"https:\/\/blogdorogeriogomes.com.br\/noticias\/wp-json\/wp\/v2\/categories?post=24133"},{"taxonomy":"post_tag","embeddable":true,"href":"https:\/\/blogdorogeriogomes.com.br\/noticias\/wp-json\/wp\/v2\/tags?post=24133"}],"curies":[{"name":"wp","href":"https:\/\/api.w.org\/{rel}","templated":true}]}}