{"id":24136,"date":"2022-01-20T12:11:52","date_gmt":"2022-01-20T12:11:52","guid":{"rendered":"https:\/\/blogdorogeriogomes.com.br\/?p=24136"},"modified":"2022-01-21T10:36:19","modified_gmt":"2022-01-21T10:36:19","slug":"ceara-ganhou-mais-oito-centros-de-testagem-gratuita-para-a-covid-19","status":"publish","type":"post","link":"https:\/\/blogdorogeriogomes.com.br\/noticias\/2022\/01\/ceara-ganhou-mais-oito-centros-de-testagem-gratuita-para-a-covid-19\/","title":{"rendered":"Cear\u00e1 ganhou mais oito centros de testagem gratuita para a Covid-19"},"content":{"rendered":"\n<p>O Cear\u00e1 ganhou mais oito centros de testagem gratuita para Covid-19. Agora, s\u00e3o 20 centros de diagn\u00f3stico da doen\u00e7a.&nbsp;Os novos pontos est\u00e3o funcionamento na parceria com o Servi\u00e7o Social do Com\u00e9rcio (Sesc).&nbsp;<\/p>\n\n\n\n<p>Na semana passada, a Secretaria de Sa\u00fade do Cear\u00e1 j\u00e1 tinha ampliado os locais de testes de pacientes de forma gratuita em parceria com a Federa\u00e7\u00e3o da Ind\u00fastria do Estado do Cear\u00e1 (Fiec).<\/p>\n\n\n\n<p>Os novos centros de testagem v\u00e3o funcionar em unidades do Sesc nos munic\u00edpios de Crato e Ibiapina (a partir desta quarta); Fortaleza, Crate\u00fas e Iguatu (a partir desta quinta-feira, 20); Quixeramobim (a partir desta sexta-feira, 21); Aracati e S\u00e3o Gon\u00e7alo do Amarante (a partir de segunda-feira, 24).<\/p>\n\n\n\n<figure class=\"wp-block-image size-large\"><img loading=\"lazy\" decoding=\"async\" width=\"679\" height=\"452\" src=\"https:\/\/blogdorogeriogomes.com.br\/wp-content\/uploads\/2022\/01\/images-17.jpeg\" alt=\"\" class=\"wp-image-24137\" srcset=\"https:\/\/blogdorogeriogomes.com.br\/noticias\/wp-content\/uploads\/2022\/01\/images-17.jpeg 679w, https:\/\/blogdorogeriogomes.com.br\/noticias\/wp-content\/uploads\/2022\/01\/images-17-300x200.jpeg 300w\" sizes=\"auto, (max-width: 679px) 100vw, 679px\" \/><\/figure>\n","protected":false},"excerpt":{"rendered":"<p>O Cear\u00e1 ganhou mais oito centros de testagem gratuita para Covid-19. Agora, s\u00e3o 20 centros de diagn\u00f3stico da doen\u00e7a.&nbsp;Os novos pontos est\u00e3o funcionamento na parceria com o Servi\u00e7o Social do Com\u00e9rcio (Sesc).&nbsp; Na semana passada, a Secretaria de Sa\u00fade do Cear\u00e1 j\u00e1 tinha ampliado os locais de testes de pacientes de forma gratuita em parceria com a Federa\u00e7\u00e3o da Ind\u00fastria do Estado do Cear\u00e1 (Fiec). Os novos centros de testagem v\u00e3o funcionar em unidades do Sesc nos munic\u00edpios de&hellip;<\/p>\n","protected":false},"author":1,"featured_media":24137,"comment_status":"open","ping_status":"open","sticky":false,"template":"","format":"standard","meta":{"footnotes":""},"categories":[1],"tags":[],"class_list":["post-24136","post","type-post","status-publish","format-standard","has-post-thumbnail","hentry","category-noticias"],"_links":{"self":[{"href":"https:\/\/blogdorogeriogomes.com.br\/noticias\/wp-json\/wp\/v2\/posts\/24136","targetHints":{"allow":["GET"]}}],"collection":[{"href":"https:\/\/blogdorogeriogomes.com.br\/noticias\/wp-json\/wp\/v2\/posts"}],"about":[{"href":"https:\/\/blogdorogeriogomes.com.br\/noticias\/wp-json\/wp\/v2\/types\/post"}],"author":[{"embeddable":true,"href":"https:\/\/blogdorogeriogomes.com.br\/noticias\/wp-json\/wp\/v2\/users\/1"}],"replies":[{"embeddable":true,"href":"https:\/\/blogdorogeriogomes.com.br\/noticias\/wp-json\/wp\/v2\/comments?post=24136"}],"version-history":[{"count":2,"href":"https:\/\/blogdorogeriogomes.com.br\/noticias\/wp-json\/wp\/v2\/posts\/24136\/revisions"}],"predecessor-version":[{"id":24149,"href":"https:\/\/blogdorogeriogomes.com.br\/noticias\/wp-json\/wp\/v2\/posts\/24136\/revisions\/24149"}],"wp:featuredmedia":[{"embeddable":true,"href":"https:\/\/blogdorogeriogomes.com.br\/noticias\/wp-json\/wp\/v2\/media\/24137"}],"wp:attachment":[{"href":"https:\/\/blogdorogeriogomes.com.br\/noticias\/wp-json\/wp\/v2\/media?parent=24136"}],"wp:term":[{"taxonomy":"category","embeddable":true,"href":"https:\/\/blogdorogeriogomes.com.br\/noticias\/wp-json\/wp\/v2\/categories?post=24136"},{"taxonomy":"post_tag","embeddable":true,"href":"https:\/\/blogdorogeriogomes.com.br\/noticias\/wp-json\/wp\/v2\/tags?post=24136"}],"curies":[{"name":"wp","href":"https:\/\/api.w.org\/{rel}","templated":true}]}}