{"id":24139,"date":"2022-01-20T13:25:47","date_gmt":"2022-01-20T13:25:47","guid":{"rendered":"https:\/\/blogdorogeriogomes.com.br\/?p=24139"},"modified":"2022-01-21T10:36:12","modified_gmt":"2022-01-21T10:36:12","slug":"prefeitura-de-fortaleza-lanca-programa-de-intercambio-para-jovens-da-capital","status":"publish","type":"post","link":"https:\/\/blogdorogeriogomes.com.br\/noticias\/2022\/01\/prefeitura-de-fortaleza-lanca-programa-de-intercambio-para-jovens-da-capital\/","title":{"rendered":"Prefeitura de Fortaleza lan\u00e7a programa de interc\u00e2mbio para jovens da Capital"},"content":{"rendered":"\n<p>A Prefeitura de Fortaleza lan\u00e7ou, por meio da Secretaria Municipal da Juventude, nesta quarta-feira, dia 19 de janeiro, o edital da 1\u00aa edi\u00e7\u00e3o do Lideran\u00e7a Jovem Fortaleza, programa de interc\u00e2mbio nacional para jovens entre 18 e 29 anos. Em live nas redes sociais, o prefeito Jos\u00e9 Sarto anunciou que 100 inscritos ser\u00e3o selecionados para passar oito semanas em alguma das seguintes cidades do Brasil: Campo Grande (MS), Manaus (AM), Recife (PE), Rio de Janeiro (RJ) e S\u00e3o Paulo (SP). As inscri\u00e7\u00f5es s\u00e3o on-line e gratuitas atrav\u00e9s do site Sele\u00e7\u00e3o Juventude, de 19 a 28 de janeiro.<\/p>\n\n\n\n<p>Os jovens selecionados devem atuar como lideran\u00e7as em algum projeto social na Cidade. Nos locais para onde ser\u00e3o enviados, eles ter\u00e3o tutoria das institui\u00e7\u00f5es e organiza\u00e7\u00f5es parceiras do projeto e ficar\u00e3o imersos nas iniciativas sociais daquele territ\u00f3rio. A Prefeitura de Fortaleza, em parceria com o Banco Interamericano de Desenvolvimento (BID), garantir\u00e1 as passagens de ida e volta, hospedagem e uma ajuda de custo de R$ 1.600.<\/p>\n\n\n\n<figure class=\"wp-block-image size-large\"><img loading=\"lazy\" decoding=\"async\" width=\"1024\" height=\"602\" src=\"https:\/\/blogdorogeriogomes.com.br\/wp-content\/uploads\/2022\/01\/19-01-2022-Juventude-IMG_4106-1024x602.jpg\" alt=\"\" class=\"wp-image-24140\" srcset=\"https:\/\/blogdorogeriogomes.com.br\/noticias\/wp-content\/uploads\/2022\/01\/19-01-2022-Juventude-IMG_4106-1024x602.jpg 1024w, https:\/\/blogdorogeriogomes.com.br\/noticias\/wp-content\/uploads\/2022\/01\/19-01-2022-Juventude-IMG_4106-300x176.jpg 300w, https:\/\/blogdorogeriogomes.com.br\/noticias\/wp-content\/uploads\/2022\/01\/19-01-2022-Juventude-IMG_4106-768x451.jpg 768w, https:\/\/blogdorogeriogomes.com.br\/noticias\/wp-content\/uploads\/2022\/01\/19-01-2022-Juventude-IMG_4106-800x470.jpg 800w, https:\/\/blogdorogeriogomes.com.br\/noticias\/wp-content\/uploads\/2022\/01\/19-01-2022-Juventude-IMG_4106.jpg 1280w\" sizes=\"auto, (max-width: 1024px) 100vw, 1024px\" \/><\/figure>\n","protected":false},"excerpt":{"rendered":"<p>A Prefeitura de Fortaleza lan\u00e7ou, por meio da Secretaria Municipal da Juventude, nesta quarta-feira, dia 19 de janeiro, o edital da 1\u00aa edi\u00e7\u00e3o do Lideran\u00e7a Jovem Fortaleza, programa de interc\u00e2mbio nacional para jovens entre 18 e 29 anos. Em live nas redes sociais, o prefeito Jos\u00e9 Sarto anunciou que 100 inscritos ser\u00e3o selecionados para passar oito semanas em alguma das seguintes cidades do Brasil: Campo Grande (MS), Manaus (AM), Recife (PE), Rio de Janeiro (RJ) e S\u00e3o Paulo (SP).&hellip;<\/p>\n","protected":false},"author":1,"featured_media":24140,"comment_status":"open","ping_status":"open","sticky":false,"template":"","format":"standard","meta":{"footnotes":""},"categories":[1],"tags":[],"class_list":["post-24139","post","type-post","status-publish","format-standard","has-post-thumbnail","hentry","category-noticias"],"_links":{"self":[{"href":"https:\/\/blogdorogeriogomes.com.br\/noticias\/wp-json\/wp\/v2\/posts\/24139","targetHints":{"allow":["GET"]}}],"collection":[{"href":"https:\/\/blogdorogeriogomes.com.br\/noticias\/wp-json\/wp\/v2\/posts"}],"about":[{"href":"https:\/\/blogdorogeriogomes.com.br\/noticias\/wp-json\/wp\/v2\/types\/post"}],"author":[{"embeddable":true,"href":"https:\/\/blogdorogeriogomes.com.br\/noticias\/wp-json\/wp\/v2\/users\/1"}],"replies":[{"embeddable":true,"href":"https:\/\/blogdorogeriogomes.com.br\/noticias\/wp-json\/wp\/v2\/comments?post=24139"}],"version-history":[{"count":1,"href":"https:\/\/blogdorogeriogomes.com.br\/noticias\/wp-json\/wp\/v2\/posts\/24139\/revisions"}],"predecessor-version":[{"id":24141,"href":"https:\/\/blogdorogeriogomes.com.br\/noticias\/wp-json\/wp\/v2\/posts\/24139\/revisions\/24141"}],"wp:featuredmedia":[{"embeddable":true,"href":"https:\/\/blogdorogeriogomes.com.br\/noticias\/wp-json\/wp\/v2\/media\/24140"}],"wp:attachment":[{"href":"https:\/\/blogdorogeriogomes.com.br\/noticias\/wp-json\/wp\/v2\/media?parent=24139"}],"wp:term":[{"taxonomy":"category","embeddable":true,"href":"https:\/\/blogdorogeriogomes.com.br\/noticias\/wp-json\/wp\/v2\/categories?post=24139"},{"taxonomy":"post_tag","embeddable":true,"href":"https:\/\/blogdorogeriogomes.com.br\/noticias\/wp-json\/wp\/v2\/tags?post=24139"}],"curies":[{"name":"wp","href":"https:\/\/api.w.org\/{rel}","templated":true}]}}