{"id":24145,"date":"2022-01-20T22:45:49","date_gmt":"2022-01-20T22:45:49","guid":{"rendered":"https:\/\/blogdorogeriogomes.com.br\/?p=24145"},"modified":"2022-01-21T10:35:58","modified_gmt":"2022-01-21T10:35:58","slug":"apos-aprovacao-da-anvisa-marcelo-queiroga-retarda-acao-de-compra-da-coronavac-para-publico-infantil","status":"publish","type":"post","link":"https:\/\/blogdorogeriogomes.com.br\/noticias\/2022\/01\/apos-aprovacao-da-anvisa-marcelo-queiroga-retarda-acao-de-compra-da-coronavac-para-publico-infantil\/","title":{"rendered":"Ap\u00f3s aprova\u00e7\u00e3o da Anvisa, Marcelo Queiroga retarda a\u00e7\u00e3o de compra da Coronavac para p\u00fablico infantil"},"content":{"rendered":"\n<p>O ministro da Sa\u00fade, Marcelo Queiroga, segue \u00e0 risca a cartilha do presidente Jair Bolsonaro. O medo de desagradar o chefe em alguma a\u00e7\u00e3o e perder o cargo \u00e9 grande. Ap\u00f3s a Anvisa liberar o uso da vacina Coronavac para o p\u00fablico entre 6 e 17 anos, Queiroga retarda as a\u00e7\u00f5es para a aquisi\u00e7\u00e3o do imunizante direcionado ao p\u00fablico infantil. O ministro diz que o uso da Coronavac em crian\u00e7as ser\u00e1 &#8220;considerado&#8221; para o Plano Nacional de Operacionaliza\u00e7\u00e3o da Vacina\u00e7\u00e3o contra Covid-19. No entanto, Queiroga n\u00e3o d\u00e1 nenhuma previs\u00e3o de compra ou orienta\u00e7\u00f5es sobre uso e diz que vai &#8220;aguardar&#8221; a publica\u00e7\u00e3o da decis\u00e3o da Ag\u00eancia Nacional de Vigil\u00e2ncia Sanit\u00e1ria no Di\u00e1rio Oficial da Uni\u00e3o.<\/p>\n\n\n\n<p>Como o pr\u00f3prio presidente da Anvisa, o almirante Antonio Barra Torres, declarou: chega a ser criminoso &#8220;buscar difundir mentiras atrav\u00e9s das novidades mentirosas, do ingl\u00eas fake news&#8221; sobre as vacinas infantis contra o coronav\u00edrus.<\/p>\n\n\n\n<p>O presidente Jair Bolsonaro e seus apoiadores insistem na mobiliza\u00e7\u00e3o para desestimular a popula\u00e7\u00e3o brasileira a se imunizar contra a Covid-19. Um dia v\u00e3o pagar por essa atitude contra a sa\u00fade p\u00fablica.<\/p>\n\n\n\n<p>N\u00e3o v\u00e3o ganhar essa batalha. A maioria da popula\u00e7\u00e3o j\u00e1 deixou claro que quer vacina. <\/p>\n\n\n\n<figure class=\"wp-block-image size-large\"><img loading=\"lazy\" decoding=\"async\" width=\"678\" height=\"452\" src=\"https:\/\/blogdorogeriogomes.com.br\/wp-content\/uploads\/2022\/01\/images-18.jpeg\" alt=\"\" class=\"wp-image-24146\" srcset=\"https:\/\/blogdorogeriogomes.com.br\/noticias\/wp-content\/uploads\/2022\/01\/images-18.jpeg 678w, https:\/\/blogdorogeriogomes.com.br\/noticias\/wp-content\/uploads\/2022\/01\/images-18-300x200.jpeg 300w\" sizes=\"auto, (max-width: 678px) 100vw, 678px\" \/><\/figure>\n\n\n\n<p><br><\/p>\n","protected":false},"excerpt":{"rendered":"<p>O ministro da Sa\u00fade, Marcelo Queiroga, segue \u00e0 risca a cartilha do presidente Jair Bolsonaro. O medo de desagradar o chefe em alguma a\u00e7\u00e3o e perder o cargo \u00e9 grande. Ap\u00f3s a Anvisa liberar o uso da vacina Coronavac para o p\u00fablico entre 6 e 17 anos, Queiroga retarda as a\u00e7\u00f5es para a aquisi\u00e7\u00e3o do imunizante direcionado ao p\u00fablico infantil. O ministro diz que o uso da Coronavac em crian\u00e7as ser\u00e1 &#8220;considerado&#8221; para o Plano Nacional de Operacionaliza\u00e7\u00e3o da&hellip;<\/p>\n","protected":false},"author":1,"featured_media":24146,"comment_status":"open","ping_status":"open","sticky":false,"template":"","format":"standard","meta":{"footnotes":""},"categories":[1],"tags":[],"class_list":["post-24145","post","type-post","status-publish","format-standard","has-post-thumbnail","hentry","category-noticias"],"_links":{"self":[{"href":"https:\/\/blogdorogeriogomes.com.br\/noticias\/wp-json\/wp\/v2\/posts\/24145","targetHints":{"allow":["GET"]}}],"collection":[{"href":"https:\/\/blogdorogeriogomes.com.br\/noticias\/wp-json\/wp\/v2\/posts"}],"about":[{"href":"https:\/\/blogdorogeriogomes.com.br\/noticias\/wp-json\/wp\/v2\/types\/post"}],"author":[{"embeddable":true,"href":"https:\/\/blogdorogeriogomes.com.br\/noticias\/wp-json\/wp\/v2\/users\/1"}],"replies":[{"embeddable":true,"href":"https:\/\/blogdorogeriogomes.com.br\/noticias\/wp-json\/wp\/v2\/comments?post=24145"}],"version-history":[{"count":2,"href":"https:\/\/blogdorogeriogomes.com.br\/noticias\/wp-json\/wp\/v2\/posts\/24145\/revisions"}],"predecessor-version":[{"id":24148,"href":"https:\/\/blogdorogeriogomes.com.br\/noticias\/wp-json\/wp\/v2\/posts\/24145\/revisions\/24148"}],"wp:featuredmedia":[{"embeddable":true,"href":"https:\/\/blogdorogeriogomes.com.br\/noticias\/wp-json\/wp\/v2\/media\/24146"}],"wp:attachment":[{"href":"https:\/\/blogdorogeriogomes.com.br\/noticias\/wp-json\/wp\/v2\/media?parent=24145"}],"wp:term":[{"taxonomy":"category","embeddable":true,"href":"https:\/\/blogdorogeriogomes.com.br\/noticias\/wp-json\/wp\/v2\/categories?post=24145"},{"taxonomy":"post_tag","embeddable":true,"href":"https:\/\/blogdorogeriogomes.com.br\/noticias\/wp-json\/wp\/v2\/tags?post=24145"}],"curies":[{"name":"wp","href":"https:\/\/api.w.org\/{rel}","templated":true}]}}