{"id":24153,"date":"2022-01-21T11:39:00","date_gmt":"2022-01-21T11:39:00","guid":{"rendered":"https:\/\/blogdorogeriogomes.com.br\/?p=24153"},"modified":"2022-01-24T10:12:10","modified_gmt":"2022-01-24T10:12:10","slug":"deputado-bolsonarista-andre-fernandes-se-envolve-em-nova-polemica-desta-vez-acusado-de-contratar-funcionaria-fantasma","status":"publish","type":"post","link":"https:\/\/blogdorogeriogomes.com.br\/noticias\/2022\/01\/deputado-bolsonarista-andre-fernandes-se-envolve-em-nova-polemica-desta-vez-acusado-de-contratar-funcionaria-fantasma\/","title":{"rendered":"Deputado bolsonarista Andr\u00e9 Fernandes se envolve em nova pol\u00eamica. Desta vez, acusado de contratar funcion\u00e1ria fantasma"},"content":{"rendered":"\n<p>O deputado bolsonarista Andr\u00e9 Fernandes coleciona mais um pol\u00eamica na Assembleia Legislativa do Cear\u00e1. Depois de ser suspenso do mandato pelo Conselho de \u00c9tica da Casa por acusar outro parlamentar de pertencer a uma fac\u00e7\u00e3o criminosa sem apresentar qualquer prova, agora Andr\u00e9 Fernandes \u00e9 acusado de praticar nepotismo e contratar uma funcion\u00e1ria fantasma em seu gabinete. <\/p>\n\n\n\n<p>A investiga\u00e7\u00e3o \u00e9 conduzida pelo Minist\u00e9rio P\u00fablico do Cear\u00e1. O inqu\u00e9rito aponta que Andr\u00e9 Fernandes mant\u00e9m no gabinete uma&nbsp;assessora parlamentar, que trabalhava em uma academia de gin\u00e1stica de Fortaleza no mesmo hor\u00e1rio do expediente da Assembleia Legislativa.<\/p>\n\n\n\n<p>O discurso bolsonarista de Andr\u00e9 Fernandes \u00e9 sempre de apontar os erros de outros parlamentares, sempre alegando desvios de conduta e pr\u00e1tica de corrup\u00e7\u00e3o. Agora, caber\u00e1 a Fernandes o direito de se defender das acusa\u00e7\u00f5es contra ele.<\/p>\n\n\n\n<p>Em tempo: Segundo um levantamento feito pelo Di\u00e1rio do Nordeste, Andr\u00e9 Fernandes foi o \u00fanico deputado estadual cearense que n\u00e3o se vacinou contra a Covid-19. Como na Assembleia Legislativa do Cear\u00e1 h\u00e1 a obrigatoriedade do comprovante de vacina\u00e7\u00e3o para o acesso \u00e0 Casa, Fernandes tem recorrido a participa\u00e7\u00e3o virtual nas sess\u00f5es plen\u00e1rias. Em janeiro, a AL est\u00e1 em recesso.<\/p>\n\n\n\n<figure class=\"wp-block-image size-large\"><img loading=\"lazy\" decoding=\"async\" width=\"678\" height=\"452\" src=\"https:\/\/blogdorogeriogomes.com.br\/wp-content\/uploads\/2022\/01\/images-19.jpeg\" alt=\"\" class=\"wp-image-24154\" srcset=\"https:\/\/blogdorogeriogomes.com.br\/noticias\/wp-content\/uploads\/2022\/01\/images-19.jpeg 678w, https:\/\/blogdorogeriogomes.com.br\/noticias\/wp-content\/uploads\/2022\/01\/images-19-300x200.jpeg 300w\" sizes=\"auto, (max-width: 678px) 100vw, 678px\" \/><\/figure>\n","protected":false},"excerpt":{"rendered":"<p>O deputado bolsonarista Andr\u00e9 Fernandes coleciona mais um pol\u00eamica na Assembleia Legislativa do Cear\u00e1. Depois de ser suspenso do mandato pelo Conselho de \u00c9tica da Casa por acusar outro parlamentar de pertencer a uma fac\u00e7\u00e3o criminosa sem apresentar qualquer prova, agora Andr\u00e9 Fernandes \u00e9 acusado de praticar nepotismo e contratar uma funcion\u00e1ria fantasma em seu gabinete. A investiga\u00e7\u00e3o \u00e9 conduzida pelo Minist\u00e9rio P\u00fablico do Cear\u00e1. O inqu\u00e9rito aponta que Andr\u00e9 Fernandes mant\u00e9m no gabinete uma&nbsp;assessora parlamentar, que trabalhava em&hellip;<\/p>\n","protected":false},"author":1,"featured_media":24154,"comment_status":"open","ping_status":"open","sticky":false,"template":"","format":"standard","meta":{"footnotes":""},"categories":[1],"tags":[],"class_list":["post-24153","post","type-post","status-publish","format-standard","has-post-thumbnail","hentry","category-noticias"],"_links":{"self":[{"href":"https:\/\/blogdorogeriogomes.com.br\/noticias\/wp-json\/wp\/v2\/posts\/24153","targetHints":{"allow":["GET"]}}],"collection":[{"href":"https:\/\/blogdorogeriogomes.com.br\/noticias\/wp-json\/wp\/v2\/posts"}],"about":[{"href":"https:\/\/blogdorogeriogomes.com.br\/noticias\/wp-json\/wp\/v2\/types\/post"}],"author":[{"embeddable":true,"href":"https:\/\/blogdorogeriogomes.com.br\/noticias\/wp-json\/wp\/v2\/users\/1"}],"replies":[{"embeddable":true,"href":"https:\/\/blogdorogeriogomes.com.br\/noticias\/wp-json\/wp\/v2\/comments?post=24153"}],"version-history":[{"count":2,"href":"https:\/\/blogdorogeriogomes.com.br\/noticias\/wp-json\/wp\/v2\/posts\/24153\/revisions"}],"predecessor-version":[{"id":24163,"href":"https:\/\/blogdorogeriogomes.com.br\/noticias\/wp-json\/wp\/v2\/posts\/24153\/revisions\/24163"}],"wp:featuredmedia":[{"embeddable":true,"href":"https:\/\/blogdorogeriogomes.com.br\/noticias\/wp-json\/wp\/v2\/media\/24154"}],"wp:attachment":[{"href":"https:\/\/blogdorogeriogomes.com.br\/noticias\/wp-json\/wp\/v2\/media?parent=24153"}],"wp:term":[{"taxonomy":"category","embeddable":true,"href":"https:\/\/blogdorogeriogomes.com.br\/noticias\/wp-json\/wp\/v2\/categories?post=24153"},{"taxonomy":"post_tag","embeddable":true,"href":"https:\/\/blogdorogeriogomes.com.br\/noticias\/wp-json\/wp\/v2\/tags?post=24153"}],"curies":[{"name":"wp","href":"https:\/\/api.w.org\/{rel}","templated":true}]}}