{"id":24176,"date":"2022-01-25T00:28:00","date_gmt":"2022-01-25T00:28:00","guid":{"rendered":"https:\/\/blogdorogeriogomes.com.br\/?p=24176"},"modified":"2022-01-25T08:58:45","modified_gmt":"2022-01-25T08:58:45","slug":"crato-lidera-o-ranking-nacional-de-cobertura-vacinal","status":"publish","type":"post","link":"https:\/\/blogdorogeriogomes.com.br\/noticias\/2022\/01\/crato-lidera-o-ranking-nacional-de-cobertura-vacinal\/","title":{"rendered":"Crato lidera o ranking nacional de cobertura vacinal"},"content":{"rendered":"\n<p>Um munic\u00edpio cearense \u00e9 destaque nacional na cobertura de vacina\u00e7\u00e3o contra a Covid-19. O Crato, na Regi\u00e3o do Cariri, lidera o ranking nacional de vacina\u00e7\u00e3o, de acordo com o Ranking de Competitividade dos Munic\u00edpios, do Centro de Lideran\u00e7a P\u00fablica. O munic\u00edpio cearense teve cobertura vacinal de 178%. Isso quer dizer que al\u00e9m de vacinar os pr\u00f3prios moradores, o Crato tamb\u00e9m vacinou pessoas que moram em cidades vizinhas. Ao todo, levantamento avaliou 411 munic\u00edpios brasileiros, acima de 80 mil habitantes, e leva em conta vacinas para uma variedade de doen\u00e7as.<\/p>\n\n\n\n<p>O indicador de cobertura vacinal analisa o conjunto da popula\u00e7\u00e3o alvo de cada munic\u00edpio e a porcentagem dessa popula\u00e7\u00e3o que recebeu um conjunto de vacinas, como febre amarela, hepatite, influenza, dentre outras.&nbsp;<\/p>\n\n\n\n<figure class=\"wp-block-image size-large\"><img loading=\"lazy\" decoding=\"async\" width=\"640\" height=\"480\" src=\"https:\/\/blogdorogeriogomes.com.br\/wp-content\/uploads\/2022\/01\/images-22.jpeg\" alt=\"\" class=\"wp-image-24177\" srcset=\"https:\/\/blogdorogeriogomes.com.br\/noticias\/wp-content\/uploads\/2022\/01\/images-22.jpeg 640w, https:\/\/blogdorogeriogomes.com.br\/noticias\/wp-content\/uploads\/2022\/01\/images-22-300x225.jpeg 300w, https:\/\/blogdorogeriogomes.com.br\/noticias\/wp-content\/uploads\/2022\/01\/images-22-400x300.jpeg 400w\" sizes=\"auto, (max-width: 640px) 100vw, 640px\" \/><\/figure>\n","protected":false},"excerpt":{"rendered":"<p>Um munic\u00edpio cearense \u00e9 destaque nacional na cobertura de vacina\u00e7\u00e3o contra a Covid-19. O Crato, na Regi\u00e3o do Cariri, lidera o ranking nacional de vacina\u00e7\u00e3o, de acordo com o Ranking de Competitividade dos Munic\u00edpios, do Centro de Lideran\u00e7a P\u00fablica. O munic\u00edpio cearense teve cobertura vacinal de 178%. Isso quer dizer que al\u00e9m de vacinar os pr\u00f3prios moradores, o Crato tamb\u00e9m vacinou pessoas que moram em cidades vizinhas. Ao todo, levantamento avaliou 411 munic\u00edpios brasileiros, acima de 80 mil habitantes,&hellip;<\/p>\n","protected":false},"author":1,"featured_media":24177,"comment_status":"open","ping_status":"open","sticky":false,"template":"","format":"standard","meta":{"footnotes":""},"categories":[1],"tags":[],"class_list":["post-24176","post","type-post","status-publish","format-standard","has-post-thumbnail","hentry","category-noticias"],"_links":{"self":[{"href":"https:\/\/blogdorogeriogomes.com.br\/noticias\/wp-json\/wp\/v2\/posts\/24176","targetHints":{"allow":["GET"]}}],"collection":[{"href":"https:\/\/blogdorogeriogomes.com.br\/noticias\/wp-json\/wp\/v2\/posts"}],"about":[{"href":"https:\/\/blogdorogeriogomes.com.br\/noticias\/wp-json\/wp\/v2\/types\/post"}],"author":[{"embeddable":true,"href":"https:\/\/blogdorogeriogomes.com.br\/noticias\/wp-json\/wp\/v2\/users\/1"}],"replies":[{"embeddable":true,"href":"https:\/\/blogdorogeriogomes.com.br\/noticias\/wp-json\/wp\/v2\/comments?post=24176"}],"version-history":[{"count":2,"href":"https:\/\/blogdorogeriogomes.com.br\/noticias\/wp-json\/wp\/v2\/posts\/24176\/revisions"}],"predecessor-version":[{"id":24179,"href":"https:\/\/blogdorogeriogomes.com.br\/noticias\/wp-json\/wp\/v2\/posts\/24176\/revisions\/24179"}],"wp:featuredmedia":[{"embeddable":true,"href":"https:\/\/blogdorogeriogomes.com.br\/noticias\/wp-json\/wp\/v2\/media\/24177"}],"wp:attachment":[{"href":"https:\/\/blogdorogeriogomes.com.br\/noticias\/wp-json\/wp\/v2\/media?parent=24176"}],"wp:term":[{"taxonomy":"category","embeddable":true,"href":"https:\/\/blogdorogeriogomes.com.br\/noticias\/wp-json\/wp\/v2\/categories?post=24176"},{"taxonomy":"post_tag","embeddable":true,"href":"https:\/\/blogdorogeriogomes.com.br\/noticias\/wp-json\/wp\/v2\/tags?post=24176"}],"curies":[{"name":"wp","href":"https:\/\/api.w.org\/{rel}","templated":true}]}}